{"id":47359,"date":"2022-10-27T21:09:54","date_gmt":"2022-10-28T02:09:54","guid":{"rendered":"http:\/\/www.zonaroja.com.mx\/?p=47359"},"modified":"2022-10-27T21:09:56","modified_gmt":"2022-10-28T02:09:56","slug":"incesantes-protestas-ahora-concentradas-en-la-capital-de-oaxaca","status":"publish","type":"post","link":"https:\/\/zonaroja.com.mx\/?p=47359","title":{"rendered":"Incesantes protestas, ahora concentradas en la capital de Oaxaca"},"content":{"rendered":"\n<p>Yuridiana Sosa\/Zona Roja.<\/p>\n\n\n\n<p>Oaxaca de Ju\u00e1rez, Oax., 27 de octubre de 2022.- De manera consecutiva, Oaxaca registr\u00f3 este jueves su cuarto d\u00eda de protestas en la capital del estado, contra autoridades estatales y municipales por incumplimiento demandas sociales y ciudadanas.<\/p>\n\n\n\n<p>Mientras el gobernador Alejandro Murat Hinojosa viaja a Europa, en especial a la ciudad de El Vaticano para entregar al Papa Francisco la imagen de la virgen de Juquila, realizada por artesanos oaxaque\u00f1os, las \u00faltimas semanas de su gobierno se convierten en un caos reflejadas en protestas y bloqueos.<\/p>\n\n\n\n<p>&nbsp;En Ciudad Judicial, en Reyes Mantec\u00f3n de San Bartolo Coyotepec, las organizaciones sociales mantuvieron su tercer d\u00eda de protestas causando la ausencia laboral de personal de base-una vez m\u00e1s- ciudadanos capitalinos y de organizaciones iniciaron otras protestas en la capital.<\/p>\n\n\n\n<p>En tanto, de manera indefinida, el Frente Ind\u00edgena de Pueblos Olvidados de Oaxaca (FIPOO) instal\u00f3 un \u201cplant\u00f3n\u201d en pleno Centro Hist\u00f3rico de la ciudad, en las calles de Crespo, avenida Independencia y D\u00edaz Ordaz.<\/p>\n\n\n\n<p>Los manifestantes exigen al Gobierno del Estado cumplimiento a supuestas obras sociales en comunidades donde tiene presencia la organizaci\u00f3n, entre ellas San Carlos Yautepec, Monte Verde, San Pedro Juchatengo y San Francisco Sola de Vega, en las que la Secretar\u00eda General de Gobierno (Segego), la Secretar\u00eda de Finanzas (Sefin) y Coplade, prometieron construcci\u00f3n de viviendas y presuntamente ya hab\u00eda recurso disponible, pero nunca lleg\u00f3 a las comunidades.<\/p>\n\n\n\n<figure class=\"wp-block-embed is-type-rich is-provider-twitter wp-block-embed-twitter\"><div class=\"wp-block-embed__wrapper\">\n<div class=\"twitter-tweet\"><blockquote class=\"twitter-tweet\" data-lang=\"es\"><p lang=\"es\" dir=\"ltr\"><a href=\"https:\/\/twitter.com\/hashtag\/%C3%9AltimoMinuto?src=hash&amp;ref_src=twsrc%5Etfw\">#\u00daltimoMinuto<\/a> <br>Integrante del Frente Ind\u00edgena de Pueblos Olvidados de Oaxaca (FIPOO) inician un bloqueo en la avenida Independencia esquina Crespo, en el Centro Hist\u00f3rico de la ciudad de Oaxaca. <a href=\"https:\/\/t.co\/Z5PyrG15UZ\">pic.twitter.com\/Z5PyrG15UZ<\/a><\/p>&mdash; Zona Roja Oaxaca (@ZonaRoja_Oaxaca) <a href=\"https:\/\/twitter.com\/ZonaRoja_Oaxaca\/status\/1585671972393873410?ref_src=twsrc%5Etfw\">27 de octubre de 2022<\/a><\/blockquote><\/div>\n<\/div><\/figure>\n\n\n\n<p>PRESUNTA NEGLIGENCIA<\/p>\n\n\n\n<p>Una menor de seis a\u00f1os de edad falleci\u00f3 al ser atropellada y su abuela resultado lesionada al ser arrollada sobre la avenida Ferrocarril, en la agencia de Trinidad de Viguera y colindancia con San Pablo, Etla, ante la falta de se\u00f1alamientos de la obra que dej\u00f3 inconclusa &nbsp;la Secretar\u00eda de las Infraestructuras y Ordenamiento Territorial Sustentable (Sinfra).<\/p>\n\n\n\n<p>Los vecinos y autoridades auxiliares del fraccionamiento Esmeralda, Hacienda Blanca, Rinconada San Pablo, Manantial, El Roble y Eucaliptos se manifestaron este jueves ante el lamentable hecho, pues en ocasiones anteriores demandaron a la dependencia a cargo de Javier Lazcano Vargas a realizar una supervisi\u00f3n e instalar se\u00f1alamientos para evitar accidentes.<\/p>\n\n\n\n<p>Por lo que, ante el lamentable hecho responsabilizaron a la autoridad estatal.<\/p>\n\n\n\n<p>Bloquearon el conocido como Circuito Interior en la zona del percance y por la tarde se extendieron a la v\u00eda federal, a la altura del crucero Hacienda Blanca, Etla.<\/p>\n\n\n\n<p>DISCRIMINACI\u00d3N<\/p>\n\n\n\n<p>Mientras que pobladores de El Trapiche, San Mateo Mixtepec y Emiliano Zapata, que integran la Uni\u00f3n de Agencias Municipales de Santa Cruz Mixtepec, se manifestaron en el IEEPCO para exigir su derecho a votar en las elecciones en la cabecera municipal.<\/p>\n\n\n\n<p>El grupo de habitantes arrib\u00f3 a las oficinas de los Sistemas Normativos Ind\u00edgenas (SNI), del Instituto Estatal Electoral y de Participaci\u00f3n Ciudadana de Oaxaca (IEEPCO), para denunciar que en diversas ocasiones ha solicitado a este organismo garantice su participaci\u00f3n conforme establece la ley y no solo como bot\u00edn electoral.<\/p>\n\n\n\n<p>Durante su estancia impidieron el ingreso y salida de trabajadores, el cual se restableci\u00f3 minutos despu\u00e9s sin presentarse incidencias.<\/p>\n\n\n\n<figure class=\"wp-block-embed is-type-rich is-provider-twitter wp-block-embed-twitter\"><div class=\"wp-block-embed__wrapper\">\n<div class=\"twitter-tweet\"><blockquote class=\"twitter-tweet\" data-lang=\"es\"><p lang=\"es\" dir=\"ltr\">1. Las quejas contra el <a href=\"https:\/\/twitter.com\/INPImx?ref_src=twsrc%5Etfw\">@INPImx<\/a> no paran en Oaxaca y hoy pobladores de Santa Mar\u00eda Mixistl\u00e1n recriminaron a la dependencia que encabeza <a href=\"https:\/\/twitter.com\/DEELAYUUK?ref_src=twsrc%5Etfw\">@DEELAYUUK<\/a>, enga\u00f1os por parte del instituto y de la <a href=\"https:\/\/twitter.com\/SCT_mx?ref_src=twsrc%5Etfw\">@SCT_mx<\/a> para atender la pavimentaci\u00f3n de un camino. <a href=\"https:\/\/t.co\/GZRSatMyI4\">pic.twitter.com\/GZRSatMyI4<\/a><\/p>&mdash; Zona Roja Oaxaca (@ZonaRoja_Oaxaca) <a href=\"https:\/\/twitter.com\/ZonaRoja_Oaxaca\/status\/1585803492383494144?ref_src=twsrc%5Etfw\">28 de octubre de 2022<\/a><\/blockquote><\/div>\n<\/div><\/figure>\n\n\n\n<p>TAMBI\u00c9N MIXISTL\u00c1N<\/p>\n\n\n\n<p>Por su parte, desde la ma\u00f1ana de hoy y hasta la noche, un grupo de pobladores encabezados por el secretario del consejo municipal de ciudadanos caracterizados Santa Maria Mixistl\u00e1n, Romualdo Apolonio Vargas, se apoder\u00f3 de los accesos al Instituto Nacional de Pueblos Ind\u00edgenas (INPI), ubicado en la colonia Reforma de la capital.<\/p>\n\n\n\n<p>Seg\u00fan detall\u00f3, el propio INPI los hab\u00eda citado a una reuni\u00f3n para la pavimentaci\u00f3n de un camino artesanal, mismo que se le hab\u00eda asignado al edil de Mixistl\u00e1n de la Reforma, Juan Antonio D\u00edaz, en la zona Mixe, pero quien supuestamente malvers\u00f3 el recurso, por lo cual les fue cancelado.<\/p>\n\n\n\n<p>El INPI se la otorgar\u00eda a Santa Maria por lo cual cubrieron todos los requisitos, incluyendo la alta ante la autoridad hacendaria; sin embargo, a la fecha no se ha firmado el convenio, pues el Instituto argumenta que ya no tiene dinero, por lo cual los enviaron a la Secretar\u00eda de Comunicaciones y Transportes, que a su vez se deslinda de la problem\u00e1tica.<\/p>\n","protected":false},"excerpt":{"rendered":"<p>Yuridiana Sosa\/Zona Roja. Oaxaca de Ju\u00e1rez, Oax., 27 de octubre de 2022.- De manera consecutiva,&hellip;<\/p>\n","protected":false},"author":2,"featured_media":47357,"comment_status":"closed","ping_status":"open","sticky":false,"template":"","format":"standard","meta":{"_lmt_disableupdate":"","_lmt_disable":"","_jetpack_memberships_contains_paid_content":false,"footnotes":""},"categories":[109,47],"tags":[2264],"class_list":["post-47359","post","type-post","status-publish","format-standard","has-post-thumbnail","hentry","category-minuto-a-minuto","category-zona-gris","tag-bloqueos-y-protestas-oaxaca"],"jetpack_featured_media_url":"https:\/\/zonaroja.com.mx\/wp-content\/uploads\/2022\/10\/Protesta-Mixistlan-en-INPI.jpg","jetpack_sharing_enabled":true,"_links":{"self":[{"href":"https:\/\/zonaroja.com.mx\/index.php?rest_route=\/wp\/v2\/posts\/47359","targetHints":{"allow":["GET"]}}],"collection":[{"href":"https:\/\/zonaroja.com.mx\/index.php?rest_route=\/wp\/v2\/posts"}],"about":[{"href":"https:\/\/zonaroja.com.mx\/index.php?rest_route=\/wp\/v2\/types\/post"}],"author":[{"embeddable":true,"href":"https:\/\/zonaroja.com.mx\/index.php?rest_route=\/wp\/v2\/users\/2"}],"replies":[{"embeddable":true,"href":"https:\/\/zonaroja.com.mx\/index.php?rest_route=%2Fwp%2Fv2%2Fcomments&post=47359"}],"version-history":[{"count":1,"href":"https:\/\/zonaroja.com.mx\/index.php?rest_route=\/wp\/v2\/posts\/47359\/revisions"}],"predecessor-version":[{"id":47360,"href":"https:\/\/zonaroja.com.mx\/index.php?rest_route=\/wp\/v2\/posts\/47359\/revisions\/47360"}],"wp:featuredmedia":[{"embeddable":true,"href":"https:\/\/zonaroja.com.mx\/index.php?rest_route=\/wp\/v2\/media\/47357"}],"wp:attachment":[{"href":"https:\/\/zonaroja.com.mx\/index.php?rest_route=%2Fwp%2Fv2%2Fmedia&parent=47359"}],"wp:term":[{"taxonomy":"category","embeddable":true,"href":"https:\/\/zonaroja.com.mx\/index.php?rest_route=%2Fwp%2Fv2%2Fcategories&post=47359"},{"taxonomy":"post_tag","embeddable":true,"href":"https:\/\/zonaroja.com.mx\/index.php?rest_route=%2Fwp%2Fv2%2Ftags&post=47359"}],"curies":[{"name":"wp","href":"https:\/\/api.w.org\/{rel}","templated":true}]}}