{"id":47361,"date":"2022-10-27T21:23:45","date_gmt":"2022-10-28T02:23:45","guid":{"rendered":"http:\/\/www.zonaroja.com.mx\/?p=47361"},"modified":"2022-10-27T21:23:47","modified_gmt":"2022-10-28T02:23:47","slug":"recupera-oaxaca-liderato-en-ocupacion-laboral-en-septiembre-inegi","status":"publish","type":"post","link":"https:\/\/zonaroja.com.mx\/?p=47361","title":{"rendered":"Recupera Oaxaca liderato en ocupaci\u00f3n laboral en septiembre: Inegi"},"content":{"rendered":"\n<p>Redacci\u00f3n\/Zona Roja.<\/p>\n\n\n\n<p>Oaxaca de Ju\u00e1rez, Oax., a 27 de octubre de 2022.- &nbsp;Oaxaca se coloc\u00f3 como la entidad con mayor ocupaci\u00f3n laboral durante septiembre, lo que representa un aumento en comparaci\u00f3n al mes anterior y respecto a septiembre de 2021.<\/p>\n\n\n\n<p>La Encuesta Nacional de&nbsp;Ocupaci\u00f3n&nbsp;y&nbsp;Empleo, Nueva Edici\u00f3n (ENOEN), del Instituto Nacional de Estad\u00edstica y Geograf\u00eda (Inegi), report\u00f3 que la tasa de ocupaci\u00f3n para Oaxaca durante el noveno mes fue de 98.7 por ciento, la m\u00e1s alta en M\u00e9xico, superando a Colima con 98.6 y Guerrero 98.3 por ciento.<\/p>\n\n\n\n<p>La cifra de la Poblaci\u00f3n Econ\u00f3micamente Activa (PEA) representa para la entidad un aumento respecto a agosto cuando registr\u00f3 una ocupaci\u00f3n de 98.2 por ciento, periodo en el que hab\u00eda ca\u00eddo a la segunda posici\u00f3n.<\/p>\n\n\n\n<p>As\u00ed tambi\u00e9n, el aumento de septiembre es sustancial en comparaci\u00f3n a septiembre de 2021 cuando present\u00f3 una ocupaci\u00f3n del 98 por ciento.<\/p>\n\n\n\n<p>NACIONAL<\/p>\n\n\n\n<p>La participaci\u00f3n de la poblaci\u00f3n econ\u00f3micamente activa creci\u00f3 en septiembre de 2022 en comparaci\u00f3n al mismo periodo del a\u00f1o pasado.<\/p>\n\n\n\n<p>La ENOEN se\u00f1al\u00f3 que de acuerdo a cifras originales, la Poblaci\u00f3n Econ\u00f3micamente Activa fue de 59.5 millones de personas, con una Tasa de Participaci\u00f3n de 59.6 por ciento, lo que significa dos millones m\u00e1s que en septiembre de 2021.<\/p>\n\n\n\n<p>Ante ese aumento, la Poblaci\u00f3n No Econ\u00f3micamente Activa (PNEA) disminuy\u00f3 y fue de 40.3 millones de personas, 798 mil menos que en septiembre de 2021.<\/p>\n\n\n\n<p>Las personas subocupadas, las que declararon tener necesidad y disponibilidad para trabajar m\u00e1s horas, tambi\u00e9n se redujo. Fueron 4.5 millones, equivalente al 7.9 por ciento de la poblaci\u00f3n ocupada, \u00a02.2 millones de personas menos con relaci\u00f3n a septiembre de 2021.<\/p>\n","protected":false},"excerpt":{"rendered":"<p>Redacci\u00f3n\/Zona Roja. Oaxaca de Ju\u00e1rez, Oax., a 27 de octubre de 2022.- &nbsp;Oaxaca se coloc\u00f3&hellip;<\/p>\n","protected":false},"author":2,"featured_media":34845,"comment_status":"closed","ping_status":"open","sticky":false,"template":"","format":"standard","meta":{"_lmt_disableupdate":"","_lmt_disable":"","_jetpack_memberships_contains_paid_content":false,"footnotes":""},"categories":[109,46],"tags":[],"class_list":["post-47361","post","type-post","status-publish","format-standard","has-post-thumbnail","hentry","category-minuto-a-minuto","category-zona-blanca"],"jetpack_featured_media_url":"https:\/\/zonaroja.com.mx\/wp-content\/uploads\/2021\/11\/Empleo-oaxaca-Mexico.jpg","jetpack_sharing_enabled":true,"_links":{"self":[{"href":"https:\/\/zonaroja.com.mx\/index.php?rest_route=\/wp\/v2\/posts\/47361","targetHints":{"allow":["GET"]}}],"collection":[{"href":"https:\/\/zonaroja.com.mx\/index.php?rest_route=\/wp\/v2\/posts"}],"about":[{"href":"https:\/\/zonaroja.com.mx\/index.php?rest_route=\/wp\/v2\/types\/post"}],"author":[{"embeddable":true,"href":"https:\/\/zonaroja.com.mx\/index.php?rest_route=\/wp\/v2\/users\/2"}],"replies":[{"embeddable":true,"href":"https:\/\/zonaroja.com.mx\/index.php?rest_route=%2Fwp%2Fv2%2Fcomments&post=47361"}],"version-history":[{"count":1,"href":"https:\/\/zonaroja.com.mx\/index.php?rest_route=\/wp\/v2\/posts\/47361\/revisions"}],"predecessor-version":[{"id":47362,"href":"https:\/\/zonaroja.com.mx\/index.php?rest_route=\/wp\/v2\/posts\/47361\/revisions\/47362"}],"wp:featuredmedia":[{"embeddable":true,"href":"https:\/\/zonaroja.com.mx\/index.php?rest_route=\/wp\/v2\/media\/34845"}],"wp:attachment":[{"href":"https:\/\/zonaroja.com.mx\/index.php?rest_route=%2Fwp%2Fv2%2Fmedia&parent=47361"}],"wp:term":[{"taxonomy":"category","embeddable":true,"href":"https:\/\/zonaroja.com.mx\/index.php?rest_route=%2Fwp%2Fv2%2Fcategories&post=47361"},{"taxonomy":"post_tag","embeddable":true,"href":"https:\/\/zonaroja.com.mx\/index.php?rest_route=%2Fwp%2Fv2%2Ftags&post=47361"}],"curies":[{"name":"wp","href":"https:\/\/api.w.org\/{rel}","templated":true}]}}