{"id":47368,"date":"2022-10-27T22:16:19","date_gmt":"2022-10-28T03:16:19","guid":{"rendered":"http:\/\/www.zonaroja.com.mx\/?p=47368"},"modified":"2022-10-28T06:40:50","modified_gmt":"2022-10-28T11:40:50","slug":"acepta-que-estan-echando-basura-organica-al-parque-el-tequio","status":"publish","type":"post","link":"https:\/\/zonaroja.com.mx\/?p=47368","title":{"rendered":"Acepta Neri que est\u00e1n echando basura org\u00e1nica al parque \u201cEl Tequio\u201d"},"content":{"rendered":"\n<p>Ismael Garc\u00eda M.\/Zona Roja.<\/p>\n\n\n\n<p>Oaxaca de Ju\u00e1rez, Oax., a 27 de octubre de 2022.- Tras reconocer que ya se tiene acuerdo para adquirir un predio para el tiradero de basura, el presidente municipal de Oaxaca de Ju\u00e1rez, Francisco Mart\u00ednez Neri, reconoci\u00f3 que est\u00e1n tirando la basura org\u00e1nica en el parque \u201cEl Tequio\u201d.<\/p>\n\n\n\n<p>Y es que ayer, en tribuna durante la sesi\u00f3n de la Diputaci\u00f3n Permanente, la legisladora por Morena, Nancy Ben\u00edtez, acus\u00f3 contaminaci\u00f3n -sin se\u00f1alar de parte de qui\u00e9n- en dicha zona natural, a cargo de la Secretar\u00eda de Administraci\u00f3n, y demand\u00f3 al gobernador Alejandro Murat evitar que se use como dep\u00f3sito de desechos.<\/p>\n\n\n\n<p>-\u00bfSon desechos de la capital? O de otro municipio -se le inquiri\u00f3 al edil en entrevista colectiva.<\/p>\n\n\n\n<p>-No, son nuestros, son de la capital y son org\u00e1nicos; s\u00ed vi la nota, voy a invitar formalmente a los diputados para que se echen una vueltecita.<\/p>\n\n\n\n<p>\u201cY a ustedes tambi\u00e9n, desde luego, para que vean c\u00f3mo se est\u00e1 manejando lo org\u00e1nico, c\u00f3mo se est\u00e1n colocando y c\u00f3mo no hay un solo animalito roedor, no hay aves que est\u00e9n circundando y c\u00f3mo inclusive no hay olores. Lo estamos haciendo por supuesto con mucha responsabilidad\u201d, dijo Mart\u00ednez Neri.<\/p>\n\n\n\n<p>-\u00bfYa hay terreno?<\/p>\n\n\n\n<p>-S\u00ed, ya hay terreno, un terreno que ocupa nuestra atenci\u00f3n en este momento.<\/p>\n\n\n\n<p>-\u00bfTodav\u00eda no se ha adquirido?<\/p>\n\n\n\n<p>-Adquirido implica firmar un documento de adquisici\u00f3n, en este caso de un contrato de promesa de venta o de compraventa. No se ha firmado todav\u00eda pero est\u00e1 ya elabor\u00e1ndose por parte del notario.<\/p>\n\n\n\n<figure class=\"wp-block-embed is-type-rich is-provider-twitter wp-block-embed-twitter\"><div class=\"wp-block-embed__wrapper\">\n<div class=\"twitter-tweet\"><blockquote class=\"twitter-tweet\" data-lang=\"es\"><p lang=\"es\" dir=\"ltr\"><a href=\"https:\/\/twitter.com\/hashtag\/%C3%9AltimoMinuto?src=hash&amp;ref_src=twsrc%5Etfw\">#\u00daltimoMinuto<\/a><br>Edil <a href=\"https:\/\/twitter.com\/FMartinezNeri?ref_src=twsrc%5Etfw\">@FMartinezNeri<\/a> acept\u00f3 hoy que ya hay terreno para tiradero de la ciudad de Oaxaca.<br>Falta concretar compra y rechaza de nuevo que sea en San Andr\u00e9s Zautla.<br>Acepta que llevan desechos org\u00e1nicos al \u201cEl Tequio\u201d e invitar\u00e1 a diputados a ver que no hay contaminaci\u00f3n. <a href=\"https:\/\/t.co\/Z0pLO91Xh8\">pic.twitter.com\/Z0pLO91Xh8<\/a><\/p>&mdash; Zona Roja Oaxaca (@ZonaRoja_Oaxaca) <a href=\"https:\/\/twitter.com\/ZonaRoja_Oaxaca\/status\/1585749024837074946?ref_src=twsrc%5Etfw\">27 de octubre de 2022<\/a><\/blockquote><\/div>\n<\/div><\/figure>\n\n\n\n<p>-\u00bfS\u00ed es en la zona de Etla?<\/p>\n\n\n\n<p>-Quiero reservarme todav\u00eda eso. Porque es incre\u00edble c\u00f3mo se generan las especulaciones; bueno, hace unos d\u00edas sale una nota en la que se dice que en Zautla se va a instalar.<\/p>\n\n\n\n<p>\u00abTuvo que salir el presidente municipal para decir que no es cierto y pues no es cierto; entonces vamos reservando y cuando yo firme, estar\u00e1 listo\u201d.<\/p>\n\n\n\n<p>-\u00bfQu\u00e9 es lo que falta para ello?<\/p>\n\n\n\n<p>-Firmar nada m\u00e1s.<\/p>\n\n\n\n<p>-\u00bfYa estar\u00eda para este fin de semana?<\/p>\n\n\n\n<p>-Yo creo que s\u00ed, yo creo que s\u00ed.<\/p>\n\n\n\n<p>Previamente, en Asuntos Generales de la Sesi\u00f3n de Cabildo, el edil surgido de Morena elogi\u00f3, al igual que varios regidores, el \u201c\u00e9xito\u201d que ha tenido el proceso de reciclado y separaci\u00f3n de la basura, por lo cual invit\u00f3 a la poblaci\u00f3n a continuar con esta medida.<\/p>\n\n\n\n<p>Durante la asamblea, hubo grupos de comerciantes al interior, que mostraron pancartas para exigir espacios para la venta de productos alusivos a la temporada de \u201cMuertos\u201d.<\/p>\n\n\n\n<p>Asimismo, de la joven madre de familia despedida como inspectora del ayuntamiento, quien al final fue atendida por el presidente municipal.<\/p>\n\n\n\n<figure class=\"wp-block-embed is-type-rich is-provider-twitter wp-block-embed-twitter\"><div class=\"wp-block-embed__wrapper\">\n<div class=\"twitter-tweet\"><blockquote class=\"twitter-tweet\" data-lang=\"es\"><p lang=\"es\" dir=\"ltr\"><a href=\"https:\/\/twitter.com\/hashtag\/%C3%9AltimoMinuto?src=hash&amp;ref_src=twsrc%5Etfw\">#\u00daltimoMinuto<\/a> <br>Hasta al interior del sal\u00f3n de Cabildo llegaron las protestas hoy contra el edil del <a href=\"https:\/\/twitter.com\/MunicipioOaxaca?ref_src=twsrc%5Etfw\">@MunicipioOaxaca<\/a>, <a href=\"https:\/\/twitter.com\/FMartinezNeri?ref_src=twsrc%5Etfw\">@FMartinezNeri<\/a>, por diversas demandas sociales, entre ellas el despido de una trabajadora. <a href=\"https:\/\/t.co\/Ia87nT91Mz\">pic.twitter.com\/Ia87nT91Mz<\/a><\/p>&mdash; Zona Roja Oaxaca (@ZonaRoja_Oaxaca) <a href=\"https:\/\/twitter.com\/ZonaRoja_Oaxaca\/status\/1585719641598398464?ref_src=twsrc%5Etfw\">27 de octubre de 2022<\/a><\/blockquote><\/div>\n<\/div><\/figure>\n","protected":false},"excerpt":{"rendered":"<p>Ismael Garc\u00eda M.\/Zona Roja. Oaxaca de Ju\u00e1rez, Oax., a 27 de octubre de 2022.- Tras&hellip;<\/p>\n","protected":false},"author":2,"featured_media":47369,"comment_status":"closed","ping_status":"open","sticky":false,"template":"","format":"standard","meta":{"_lmt_disableupdate":"","_lmt_disable":"","_jetpack_memberships_contains_paid_content":false,"footnotes":""},"categories":[109,47],"tags":[2418],"class_list":["post-47368","post","type-post","status-publish","format-standard","has-post-thumbnail","hentry","category-minuto-a-minuto","category-zona-gris","tag-francisco-martinez-neri"],"jetpack_featured_media_url":"https:\/\/zonaroja.com.mx\/wp-content\/uploads\/2022\/10\/Protesta-Cabildo-Oaxaca.jpg","jetpack_sharing_enabled":true,"_links":{"self":[{"href":"https:\/\/zonaroja.com.mx\/index.php?rest_route=\/wp\/v2\/posts\/47368","targetHints":{"allow":["GET"]}}],"collection":[{"href":"https:\/\/zonaroja.com.mx\/index.php?rest_route=\/wp\/v2\/posts"}],"about":[{"href":"https:\/\/zonaroja.com.mx\/index.php?rest_route=\/wp\/v2\/types\/post"}],"author":[{"embeddable":true,"href":"https:\/\/zonaroja.com.mx\/index.php?rest_route=\/wp\/v2\/users\/2"}],"replies":[{"embeddable":true,"href":"https:\/\/zonaroja.com.mx\/index.php?rest_route=%2Fwp%2Fv2%2Fcomments&post=47368"}],"version-history":[{"count":2,"href":"https:\/\/zonaroja.com.mx\/index.php?rest_route=\/wp\/v2\/posts\/47368\/revisions"}],"predecessor-version":[{"id":47376,"href":"https:\/\/zonaroja.com.mx\/index.php?rest_route=\/wp\/v2\/posts\/47368\/revisions\/47376"}],"wp:featuredmedia":[{"embeddable":true,"href":"https:\/\/zonaroja.com.mx\/index.php?rest_route=\/wp\/v2\/media\/47369"}],"wp:attachment":[{"href":"https:\/\/zonaroja.com.mx\/index.php?rest_route=%2Fwp%2Fv2%2Fmedia&parent=47368"}],"wp:term":[{"taxonomy":"category","embeddable":true,"href":"https:\/\/zonaroja.com.mx\/index.php?rest_route=%2Fwp%2Fv2%2Fcategories&post=47368"},{"taxonomy":"post_tag","embeddable":true,"href":"https:\/\/zonaroja.com.mx\/index.php?rest_route=%2Fwp%2Fv2%2Ftags&post=47368"}],"curies":[{"name":"wp","href":"https:\/\/api.w.org\/{rel}","templated":true}]}}