{"id":47371,"date":"2022-10-28T10:13:00","date_gmt":"2022-10-28T15:13:00","guid":{"rendered":"http:\/\/www.zonaroja.com.mx\/?p=47371"},"modified":"2022-10-28T06:34:58","modified_gmt":"2022-10-28T11:34:58","slug":"ex-funcionario-de-amlo-y-ex-lider-del-pan-pide-pactar-con-crimen-organizado","status":"publish","type":"post","link":"https:\/\/zonaroja.com.mx\/?p=47371","title":{"rendered":"Ex funcionario de AMLO y ex l\u00edder del PAN pide pactar con crimen organizado"},"content":{"rendered":"\n<p>Redacci\u00f3n\/Zona Roja Cdmx.<\/p>\n\n\n\n<p>Ciudad de M\u00e9xico, a 28 de octubre de 2022.- Manuel Espino, excomisionado del Servicio de Protecci\u00f3n Federal, propuso este jueves al gobierno encabezado por el presidente Andr\u00e9s Manuel L\u00f3pez Obrador abrir el di\u00e1logo y pactar con el crimen organizado para pacificar al pa\u00eds.<\/p>\n\n\n\n<p>\u201cDe lo que no se ha querido hablar, pero yo s\u00ed quiero hablar, es de que en la estrategia (de seguridad) se debe hablar, no descartarla de antemano, el acordar con los grupos criminales\u201d, expres\u00f3 en el Foro Internacional \u2018Seguridad y Justicia por un M\u00e9xico mejor\u2019, realizado en el Senado.<\/p>\n\n\n\n<p>El exfuncionario relat\u00f3 que en abril pasado platic\u00f3 sobre el tema de seguridad con el presidente L\u00f3pez Obrador, a quien le record\u00f3 que la estrategia de seguridad de \u201cabrazos, no balazos\u201d no ha funcionado.<\/p>\n\n\n\n<p>\u201cNo solamente no lo hemos logrado, sino que lo hemos empeorado. Hoy estamos peor que al principio y le ofrec\u00ed llevarle una propuesta y le dije que iba a hacer muy atrevida\u201d, asegur\u00f3.<\/p>\n\n\n\n<p>\u201cEs aplicar un criterio que hace a\u00f1os en la Iglesia le llamaban del segundo efecto: que acepto consentir que para conseguir un bien mayor con un mal menor, pero que me ayude a resolver lo peor. Y aqu\u00ed quiz\u00e1 el mal menor que habr\u00eda que aceptar pues es dialogar y acordar con ellos, y se puede, atendiendo sus intereses tambi\u00e9n, porque los tienen\u201d, explic\u00f3.<\/p>\n\n\n\n<p>Espino dijo haber insinuado su propuesta a Rosa Icela Rodr\u00edguez, secretaria de Seguridad y Protecci\u00f3n Ciudadana, pero lo \u201cfustig\u00f3, porque yo le dec\u00eda a la secretaria que no podemos descartar a priori acordar con los grupos criminales\u201d.<\/p>\n\n\n\n<p>De igual forma, afirm\u00f3 haber expuesto su sugerencia Ad\u00e1n Augusto L\u00f3pez, secretario de Gobernaci\u00f3n, as\u00ed como a una serie de grupos del crimen organizado, de los cuales, solamente tuvo respuesta de dos de ellos.<\/p>\n\n\n\n<p>\u201cSi esto se hace en M\u00e9xico, le entramos. No quiero abundar m\u00e1s porque luego me van a acusar de indiscreto.\u201d, concluy\u00f3.<\/p>\n\n\n\n<p>Manuel Espino se\u00f1al\u00f3 que esta propuesta no es una ocurrencia, sino que es una estrategia que ya ha sido comprobada en pa\u00edses como Colombia, El Salvador e incluso Ciudad Ju\u00e1rez, donde tuvieron platicas con las pandillas en el pasado.<\/p>\n\n\n\n<p>(Informaci\u00f3n de \u201cEl Financiero\u201d)<\/p>\n","protected":false},"excerpt":{"rendered":"<p>Redacci\u00f3n\/Zona Roja Cdmx. Ciudad de M\u00e9xico, a 28 de octubre de 2022.- Manuel Espino, excomisionado&hellip;<\/p>\n","protected":false},"author":2,"featured_media":47372,"comment_status":"closed","ping_status":"open","sticky":false,"template":"","format":"standard","meta":{"_lmt_disableupdate":"","_lmt_disable":"","_jetpack_memberships_contains_paid_content":false,"footnotes":""},"categories":[109,47],"tags":[],"class_list":["post-47371","post","type-post","status-publish","format-standard","has-post-thumbnail","hentry","category-minuto-a-minuto","category-zona-gris"],"jetpack_featured_media_url":"https:\/\/zonaroja.com.mx\/wp-content\/uploads\/2022\/10\/Manuel-Espino-Barrientos.jpeg","jetpack_sharing_enabled":true,"_links":{"self":[{"href":"https:\/\/zonaroja.com.mx\/index.php?rest_route=\/wp\/v2\/posts\/47371","targetHints":{"allow":["GET"]}}],"collection":[{"href":"https:\/\/zonaroja.com.mx\/index.php?rest_route=\/wp\/v2\/posts"}],"about":[{"href":"https:\/\/zonaroja.com.mx\/index.php?rest_route=\/wp\/v2\/types\/post"}],"author":[{"embeddable":true,"href":"https:\/\/zonaroja.com.mx\/index.php?rest_route=\/wp\/v2\/users\/2"}],"replies":[{"embeddable":true,"href":"https:\/\/zonaroja.com.mx\/index.php?rest_route=%2Fwp%2Fv2%2Fcomments&post=47371"}],"version-history":[{"count":1,"href":"https:\/\/zonaroja.com.mx\/index.php?rest_route=\/wp\/v2\/posts\/47371\/revisions"}],"predecessor-version":[{"id":47373,"href":"https:\/\/zonaroja.com.mx\/index.php?rest_route=\/wp\/v2\/posts\/47371\/revisions\/47373"}],"wp:featuredmedia":[{"embeddable":true,"href":"https:\/\/zonaroja.com.mx\/index.php?rest_route=\/wp\/v2\/media\/47372"}],"wp:attachment":[{"href":"https:\/\/zonaroja.com.mx\/index.php?rest_route=%2Fwp%2Fv2%2Fmedia&parent=47371"}],"wp:term":[{"taxonomy":"category","embeddable":true,"href":"https:\/\/zonaroja.com.mx\/index.php?rest_route=%2Fwp%2Fv2%2Fcategories&post=47371"},{"taxonomy":"post_tag","embeddable":true,"href":"https:\/\/zonaroja.com.mx\/index.php?rest_route=%2Fwp%2Fv2%2Ftags&post=47371"}],"curies":[{"name":"wp","href":"https:\/\/api.w.org\/{rel}","templated":true}]}}