{"id":47377,"date":"2022-10-28T07:04:55","date_gmt":"2022-10-28T12:04:55","guid":{"rendered":"http:\/\/www.zonaroja.com.mx\/?p=47377"},"modified":"2022-10-28T07:04:57","modified_gmt":"2022-10-28T12:04:57","slug":"en-tres-anos-han-asesinado-a-12-activistas-en-oaxaca-hay-dos-desaparecidos","status":"publish","type":"post","link":"https:\/\/zonaroja.com.mx\/?p=47377","title":{"rendered":"En tres a\u00f1os han asesinado a 12 activistas en Oaxaca; hay dos desaparecidos"},"content":{"rendered":"\n<p>Redacci\u00f3n\/Zona Roja.<\/p>\n\n\n\n<p>Oaxaca de Ju\u00e1rez, Oax., a 28 de octubre de 2022.- Del a\u00f1o 2019 a junio de 2022, se tienen registrados 12 expedientes relacionados con el homicidio de personas defensoras de derechos humanos, y dos casos por desaparici\u00f3n de personas defensoras.<\/p>\n\n\n\n<p>Ello lo revel\u00f3 la Defensor\u00eda de los Derechos Humanos del Pueblo de Oaxaca (DDHPO) a trav\u00e9s de un comunicado, al expresar su condena por el asesinato del activista Filogonio Mart\u00ednez, defensor del r\u00edo \u201cVerde\u201d en la regi\u00f3n Costa, perpetrado el mi\u00e9rcoles en Santiago Jamiltepec.<\/p>\n\n\n\n<p>Adem\u00e1s, de 2015 al 27 de octubre de 2022, ha iniciado 283 investigaciones relacionadas con violaciones a derechos humanos de personas defensoras y entre las autoridades m\u00e1s se\u00f1aladas se encuentran la Fiscal\u00eda General del Estado con el 26%, la Secretar\u00eda de Seguridad P\u00fablica con el 19% y los ayuntamientos con el 11% de los se\u00f1alamientos.<\/p>\n\n\n\n<p>Por su parte, el Mecanismo de Protecci\u00f3n de Personas Defensoras y Periodistas de la Secretar\u00eda de Gobernaci\u00f3n inform\u00f3 en junio de 2022 que manten\u00eda incorporadas a mil 68 personas defensoras en todo el pa\u00eds, de las cuales, 131 proced\u00edan de la entidad, ubic\u00e1ndose en el primer lugar a nivel nacional.<\/p>\n\n\n\n<p>Esta misma instituci\u00f3n destac\u00f3 que, entre diciembre de 2018 y junio de 2022, ten\u00eda documentados 106 homicidios de personas defensoras de derechos humanos en todo el pa\u00eds, de los cuales, 16 se registraron en Oaxaca.<\/p>\n\n\n\n<p>En ese contexto, la DDHPO conden\u00f3 el asesinato de Filogonio Mart\u00ednez, ex agente municipal de Paso de la Reyna y defensor de derechos humanos, ocurrido en la comunidad de Piedra Blanca, Santiago Jamiltepec, por lo que solicit\u00f3 a las autoridades garant\u00edas de seguridad en la zona, as\u00ed como una investigaci\u00f3n pronta y expedita.<\/p>\n\n\n\n<p>Por los hechos, el organismo aut\u00f3nomo inici\u00f3 el expediente DDHPO\/CA\/0013\/RC\/(09)\/OAX\/2022, a trav\u00e9s del cual se requirieron medidas cautelares a la Secretar\u00eda de Seguridad P\u00fablica&nbsp; y en colaboraci\u00f3n a la Guardia Nacional, para que garanticen condiciones de seguridad en la zona.<\/p>\n\n\n\n<p>Asimismo, se pidi\u00f3 a la Fiscal\u00eda General del Estado que realice las investigaciones pertinentes para que el caso no quede en la impunidad, adem\u00e1s de medidas de protecci\u00f3n para las v\u00edctimas directas e indirectas que permitan garantizar su integridad.<\/p>\n","protected":false},"excerpt":{"rendered":"<p>Redacci\u00f3n\/Zona Roja. Oaxaca de Ju\u00e1rez, Oax., a 28 de octubre de 2022.- Del a\u00f1o 2019&hellip;<\/p>\n","protected":false},"author":2,"featured_media":47378,"comment_status":"closed","ping_status":"open","sticky":false,"template":"","format":"standard","meta":{"_lmt_disableupdate":"","_lmt_disable":"","_jetpack_memberships_contains_paid_content":false,"footnotes":""},"categories":[109,47],"tags":[287],"class_list":["post-47377","post","type-post","status-publish","format-standard","has-post-thumbnail","hentry","category-minuto-a-minuto","category-zona-gris","tag-ddhpo"],"jetpack_featured_media_url":"https:\/\/zonaroja.com.mx\/wp-content\/uploads\/2022\/10\/Defensores-del-rio-Verde.jpg","jetpack_sharing_enabled":true,"_links":{"self":[{"href":"https:\/\/zonaroja.com.mx\/index.php?rest_route=\/wp\/v2\/posts\/47377","targetHints":{"allow":["GET"]}}],"collection":[{"href":"https:\/\/zonaroja.com.mx\/index.php?rest_route=\/wp\/v2\/posts"}],"about":[{"href":"https:\/\/zonaroja.com.mx\/index.php?rest_route=\/wp\/v2\/types\/post"}],"author":[{"embeddable":true,"href":"https:\/\/zonaroja.com.mx\/index.php?rest_route=\/wp\/v2\/users\/2"}],"replies":[{"embeddable":true,"href":"https:\/\/zonaroja.com.mx\/index.php?rest_route=%2Fwp%2Fv2%2Fcomments&post=47377"}],"version-history":[{"count":1,"href":"https:\/\/zonaroja.com.mx\/index.php?rest_route=\/wp\/v2\/posts\/47377\/revisions"}],"predecessor-version":[{"id":47379,"href":"https:\/\/zonaroja.com.mx\/index.php?rest_route=\/wp\/v2\/posts\/47377\/revisions\/47379"}],"wp:featuredmedia":[{"embeddable":true,"href":"https:\/\/zonaroja.com.mx\/index.php?rest_route=\/wp\/v2\/media\/47378"}],"wp:attachment":[{"href":"https:\/\/zonaroja.com.mx\/index.php?rest_route=%2Fwp%2Fv2%2Fmedia&parent=47377"}],"wp:term":[{"taxonomy":"category","embeddable":true,"href":"https:\/\/zonaroja.com.mx\/index.php?rest_route=%2Fwp%2Fv2%2Fcategories&post=47377"},{"taxonomy":"post_tag","embeddable":true,"href":"https:\/\/zonaroja.com.mx\/index.php?rest_route=%2Fwp%2Fv2%2Ftags&post=47377"}],"curies":[{"name":"wp","href":"https:\/\/api.w.org\/{rel}","templated":true}]}}