{"id":47380,"date":"2022-10-28T11:06:00","date_gmt":"2022-10-28T16:06:00","guid":{"rendered":"http:\/\/www.zonaroja.com.mx\/?p=47380"},"modified":"2022-10-28T07:08:21","modified_gmt":"2022-10-28T12:08:21","slug":"imparte-poder-judicial-capacitacion-sobre-audiencias-penales-en-uabjo","status":"publish","type":"post","link":"https:\/\/zonaroja.com.mx\/?p=47380","title":{"rendered":"Imparte Poder Judicial capacitaci\u00f3n sobre audiencias penales en UABJO"},"content":{"rendered":"\n<p>Redacci\u00f3n\/Zona Roja.<\/p>\n\n\n\n<p>Oaxaca de Ju\u00e1rez, Oax., a 28 de octubre de 2022.- Con una mesa de di\u00e1logo, en la que participaron especialistas y catedr\u00e1ticos, el Poder Judicial del Estado inici\u00f3 una jornada de actividades para dar a&nbsp;conocer&nbsp;la aplicaci\u00f3n pr\u00e1ctica de las \u00abGu\u00edas de Conducci\u00f3n de Audiencias Penales\u201d, entre&nbsp;estudiantes&nbsp;de&nbsp;laFacultad de Derecho y Ciencias Sociales de la Universidad Aut\u00f3noma \u201cBenito Ju\u00e1rez\u201d de Oaxaca&nbsp;(UABJO).<\/p>\n\n\n\n<p>En el auditorio \u201cRicardo Flores Mag\u00f3n\u201d, de Ciudad Universitaria, el presidente del Tribunal Superior de Justicia, magistrado Eduardo Pinacho S\u00e1nchez, puntualiz\u00f3 que la entrada en vigor en nuestro Estado, el 9 de septiembre de 2007, del Sistema Acusatorio de corte Adversarial, constituy\u00f3 un parteaguas en&nbsp;elsistema de justicia penal y un logro significativo en la procuraci\u00f3n y administraci\u00f3n de justicia, constituyendo un sistema de justicia m\u00e1s garantista y \u00e1gil, caracterizado por la oralidad.<\/p>\n\n\n\n<p>Indic\u00f3 que la universidad, cultivo del conocimiento, debe buscar la excelencia en la ense\u00f1anza y el aprendizaje, por medio de la profundizaci\u00f3n en los conocimientos y habilidades, que busquen que el alumnado conozca y domine a fondo el sentido de su profesi\u00f3n; desarrolle las competencias tanto gen\u00e9ricas como espec\u00edficas de la carrera, despierte su inter\u00e9s por el entorno e interact\u00fae en temas y problem\u00e1ticas propias de su perfil y formaci\u00f3n.&nbsp;<\/p>\n\n\n\n<p>Por ello, anunci\u00f3&nbsp;el inicio de la Cl\u00ednica Forense de&nbsp;las \u00abGu\u00edas de Conducci\u00f3n de Audiencias Penales\u201d, en la m\u00e1xima casa de estudios, que busca capacitar a un grupo de&nbsp;alumnos y alumnas&nbsp;en el manejo y conducci\u00f3n de audiencias penales, la cual&nbsp;concluir\u00e1 en el mes de diciembre, con una simulaci\u00f3n a cargo de los estudiantes.<\/p>\n\n\n\n<p>En la mesa de di\u00e1logo&nbsp;participaron&nbsp;la&nbsp;jueza&nbsp;del Poder Judicial del Estado,&nbsp;Roc\u00edo Chong Vel\u00e1squez; el juez&nbsp;de Distrito Especializado&nbsp;en&nbsp;el Sistema Penal Acusatorio&nbsp;del Centro&nbsp;de Justicia Penal Federal&nbsp;de&nbsp;Oaxaca,&nbsp;V\u00edctor Hugo Cort\u00e9s Sibaja, y los catedr\u00e1ticos de la&nbsp;UABJO,&nbsp;Erik Carmona L\u00f3pez y&nbsp;Eduardo Castillo Cruz, quienes coincidieron&nbsp;en la importancia de este material did\u00e1cticoresultado de la suma de esfuerzos.&nbsp;<\/p>\n\n\n\n<p>Las&nbsp;\u00abGu\u00edas de Conducci\u00f3n de Audiencias Penales\u00bb&nbsp;se encuentran disponibles para su descarga en el enlace:&nbsp;https:\/\/bit.ly\/3DfKkkK.<\/p>\n","protected":false},"excerpt":{"rendered":"<p>Redacci\u00f3n\/Zona Roja. Oaxaca de Ju\u00e1rez, Oax., a 28 de octubre de 2022.- Con una mesa&hellip;<\/p>\n","protected":false},"author":2,"featured_media":47384,"comment_status":"closed","ping_status":"open","sticky":false,"template":"","format":"standard","meta":{"_lmt_disableupdate":"","_lmt_disable":"","_jetpack_memberships_contains_paid_content":false,"footnotes":""},"categories":[109,46],"tags":[223],"class_list":["post-47380","post","type-post","status-publish","format-standard","has-post-thumbnail","hentry","category-minuto-a-minuto","category-zona-blanca","tag-poder-judicial-de-oaxaca"],"jetpack_featured_media_url":"https:\/\/zonaroja.com.mx\/wp-content\/uploads\/2022\/10\/Se-realizo-mesa-de-dialogo-con-especialistas-y-catedraticos.jpg","jetpack_sharing_enabled":true,"_links":{"self":[{"href":"https:\/\/zonaroja.com.mx\/index.php?rest_route=\/wp\/v2\/posts\/47380","targetHints":{"allow":["GET"]}}],"collection":[{"href":"https:\/\/zonaroja.com.mx\/index.php?rest_route=\/wp\/v2\/posts"}],"about":[{"href":"https:\/\/zonaroja.com.mx\/index.php?rest_route=\/wp\/v2\/types\/post"}],"author":[{"embeddable":true,"href":"https:\/\/zonaroja.com.mx\/index.php?rest_route=\/wp\/v2\/users\/2"}],"replies":[{"embeddable":true,"href":"https:\/\/zonaroja.com.mx\/index.php?rest_route=%2Fwp%2Fv2%2Fcomments&post=47380"}],"version-history":[{"count":1,"href":"https:\/\/zonaroja.com.mx\/index.php?rest_route=\/wp\/v2\/posts\/47380\/revisions"}],"predecessor-version":[{"id":47385,"href":"https:\/\/zonaroja.com.mx\/index.php?rest_route=\/wp\/v2\/posts\/47380\/revisions\/47385"}],"wp:featuredmedia":[{"embeddable":true,"href":"https:\/\/zonaroja.com.mx\/index.php?rest_route=\/wp\/v2\/media\/47384"}],"wp:attachment":[{"href":"https:\/\/zonaroja.com.mx\/index.php?rest_route=%2Fwp%2Fv2%2Fmedia&parent=47380"}],"wp:term":[{"taxonomy":"category","embeddable":true,"href":"https:\/\/zonaroja.com.mx\/index.php?rest_route=%2Fwp%2Fv2%2Fcategories&post=47380"},{"taxonomy":"post_tag","embeddable":true,"href":"https:\/\/zonaroja.com.mx\/index.php?rest_route=%2Fwp%2Fv2%2Ftags&post=47380"}],"curies":[{"name":"wp","href":"https:\/\/api.w.org\/{rel}","templated":true}]}}