{"id":47388,"date":"2022-10-28T08:07:14","date_gmt":"2022-10-28T13:07:14","guid":{"rendered":"http:\/\/www.zonaroja.com.mx\/?p=47388"},"modified":"2022-10-28T09:25:59","modified_gmt":"2022-10-28T14:25:59","slug":"incorpora-el-inm-a-gobernador-electo-a-la-atencion-de-migrantes-en-el-istmo","status":"publish","type":"post","link":"https:\/\/zonaroja.com.mx\/?p=47388","title":{"rendered":"Incorpora el INM a gobernador electo a la atenci\u00f3n de migrantes en el Istmo"},"content":{"rendered":"\n<p>Ismael Garc\u00eda M.\/Zona Roja.<\/p>\n\n\n\n<p>Oaxaca de Ju\u00e1rez, Oax., a 28 de octubre de 2022.- Ante la pasividad del gobierno de Oaxaca, el Instituto Nacional de Migraci\u00f3n (INM) acord\u00f3 sumar esfuerzos con el gobernador electo, Salom\u00f3n Jara, pese a que a\u00fan no asume funciones, para atender de inmediato la problem\u00e1tica de la migraci\u00f3n en la regi\u00f3n del Istmo.<\/p>\n\n\n\n<p>El comisionado de la instituci\u00f3n, Francisco Gardu\u00f1o Y\u00e1\u00f1ez, estuvo el pasado mi\u00e9rcoles en San Pedro Tapanatepec, donde presidi\u00f3 una reuni\u00f3n de trabajo con autoridades de los tres niveles y tras lo cual a\ufeffAcordaron mantener la suma de esfuerzos a favor de las personas migrantes extranjeras que ingresan y transitan por esta regi\u00f3n del pa\u00eds\u201d, inform\u00f3 en un comunicado.<\/p>\n\n\n\n<p>Estuvieron tambi\u00e9n comandante de la XXXVI&nbsp; Zona Militar, general de Brigada Diplomado de Estado Mayor, Miguel \u00c1ngel Hern\u00e1ndez Mart\u00ednez, y autoridades locales \u201cpara revisar la ayuda humanitaria que se proporciona a las personas migrantes extranjeras en contexto de movilidad en esta entidad\u201d, detall\u00f3.<\/p>\n\n\n\n<figure class=\"wp-block-embed is-type-rich is-provider-twitter wp-block-embed-twitter\"><div class=\"wp-block-embed__wrapper\">\n<div class=\"twitter-tweet\"><blockquote class=\"twitter-tweet\" data-lang=\"es\"><p lang=\"es\" dir=\"ltr\">Hoy visit\u00e9 el albergue  de migrantes en San Pedro Tapanatepec para conocer la ayuda humanitaria que se proporciona a las personas migrantes extranjeras en contexto de movilidad. Hay m\u00e1s de 20 mil hermanos latinoamericanos y la labor humanitaria del presidente municipal, <a href=\"https:\/\/t.co\/MJxzAyP8XE\">pic.twitter.com\/MJxzAyP8XE<\/a><\/p>&mdash; Salom\u00f3n Jara Cruz (@salomonj) <a href=\"https:\/\/twitter.com\/salomonj\/status\/1585438476236771328?ref_src=twsrc%5Etfw\">27 de octubre de 2022<\/a><\/blockquote><\/div>\n<\/div><\/figure>\n\n\n\n<p>Agreg\u00f3 que en el encuentro efectuado en Tapanatepec, \u201cacordaron mantener la suma de esfuerzos para brindar atenci\u00f3n digna a las mujeres, los hombres y menores de edad que integran los flujos migratorios que llegan a esta comunidad\u201d.<\/p>\n\n\n\n<p>El comisionado del INM, Gardu\u00f1o Y\u00e1\u00f1ez, tambi\u00e9n visit\u00f3 el albergue \u201cHermanos en el Camino\u201d, ubicado en el municipio de Ixtepec y fundado por el sacerdote Alejandro Solalinde.<\/p>\n\n\n\n<p>\u201cAh\u00ed, recorri\u00f3 las instalaciones y convers\u00f3 con personas de diferentes nacionalidades alojadas, as\u00ed como con el personal que apoya las labores humanitarias\u201d, detall\u00f3.<\/p>\n\n\n\n<p>Desde hace m\u00e1s de dos semanas, Tapanatepec registra una crisis por al menos 15 mil centroamericanos y sudamericanos que buscan llegar a los Estados Unidos y para lo cual buscan una visa humanitaria y permiso de paso temporal.<\/p>\n\n\n\n<p>Ello ha originado m\u00faltiples problemas de salud y hacinamiento, seg\u00fan ha denunciado el presidente municipal morenista Humberto L\u00f3pez Parrazales.<\/p>\n\n\n\n<figure class=\"wp-block-image size-large\"><a href=\"http:\/\/www.zonaroja.com.mx\/wp-content\/uploads\/2022\/10\/Noletin-INM-Salomon-Jara-Tapanatepec.jpg\" data-rel=\"penci-gallery-image-content\" ><img decoding=\"async\" width=\"803\" height=\"1024\" src=\"http:\/\/www.zonaroja.com.mx\/wp-content\/uploads\/2022\/10\/Noletin-INM-Salomon-Jara-Tapanatepec-803x1024.jpg\" alt=\"\" class=\"wp-image-47381\" srcset=\"https:\/\/zonaroja.com.mx\/wp-content\/uploads\/2022\/10\/Noletin-INM-Salomon-Jara-Tapanatepec-803x1024.jpg 803w, https:\/\/zonaroja.com.mx\/wp-content\/uploads\/2022\/10\/Noletin-INM-Salomon-Jara-Tapanatepec-235x300.jpg 235w, https:\/\/zonaroja.com.mx\/wp-content\/uploads\/2022\/10\/Noletin-INM-Salomon-Jara-Tapanatepec-768x979.jpg 768w, https:\/\/zonaroja.com.mx\/wp-content\/uploads\/2022\/10\/Noletin-INM-Salomon-Jara-Tapanatepec-585x746.jpg 585w, https:\/\/zonaroja.com.mx\/wp-content\/uploads\/2022\/10\/Noletin-INM-Salomon-Jara-Tapanatepec.jpg 810w\" sizes=\"(max-width: 803px) 100vw, 803px\" \/><\/a><\/figure>\n","protected":false},"excerpt":{"rendered":"<p>Ismael Garc\u00eda M.\/Zona Roja. Oaxaca de Ju\u00e1rez, Oax., a 28 de octubre de 2022.- Ante&hellip;<\/p>\n","protected":false},"author":2,"featured_media":47382,"comment_status":"closed","ping_status":"open","sticky":false,"template":"","format":"standard","meta":{"_lmt_disableupdate":"","_lmt_disable":"","_jetpack_memberships_contains_paid_content":false,"footnotes":""},"categories":[109,46],"tags":[939],"class_list":["post-47388","post","type-post","status-publish","format-standard","has-post-thumbnail","hentry","category-minuto-a-minuto","category-zona-blanca","tag-salomon-jara-cruz"],"jetpack_featured_media_url":"https:\/\/zonaroja.com.mx\/wp-content\/uploads\/2022\/10\/Salomon-Jara-e-INM-Tapanatepec.jpg","jetpack_sharing_enabled":true,"_links":{"self":[{"href":"https:\/\/zonaroja.com.mx\/index.php?rest_route=\/wp\/v2\/posts\/47388","targetHints":{"allow":["GET"]}}],"collection":[{"href":"https:\/\/zonaroja.com.mx\/index.php?rest_route=\/wp\/v2\/posts"}],"about":[{"href":"https:\/\/zonaroja.com.mx\/index.php?rest_route=\/wp\/v2\/types\/post"}],"author":[{"embeddable":true,"href":"https:\/\/zonaroja.com.mx\/index.php?rest_route=\/wp\/v2\/users\/2"}],"replies":[{"embeddable":true,"href":"https:\/\/zonaroja.com.mx\/index.php?rest_route=%2Fwp%2Fv2%2Fcomments&post=47388"}],"version-history":[{"count":3,"href":"https:\/\/zonaroja.com.mx\/index.php?rest_route=\/wp\/v2\/posts\/47388\/revisions"}],"predecessor-version":[{"id":47393,"href":"https:\/\/zonaroja.com.mx\/index.php?rest_route=\/wp\/v2\/posts\/47388\/revisions\/47393"}],"wp:featuredmedia":[{"embeddable":true,"href":"https:\/\/zonaroja.com.mx\/index.php?rest_route=\/wp\/v2\/media\/47382"}],"wp:attachment":[{"href":"https:\/\/zonaroja.com.mx\/index.php?rest_route=%2Fwp%2Fv2%2Fmedia&parent=47388"}],"wp:term":[{"taxonomy":"category","embeddable":true,"href":"https:\/\/zonaroja.com.mx\/index.php?rest_route=%2Fwp%2Fv2%2Fcategories&post=47388"},{"taxonomy":"post_tag","embeddable":true,"href":"https:\/\/zonaroja.com.mx\/index.php?rest_route=%2Fwp%2Fv2%2Ftags&post=47388"}],"curies":[{"name":"wp","href":"https:\/\/api.w.org\/{rel}","templated":true}]}}