{"id":47390,"date":"2022-10-28T11:15:00","date_gmt":"2022-10-28T16:15:00","guid":{"rendered":"http:\/\/www.zonaroja.com.mx\/?p=47390"},"modified":"2022-10-28T08:16:43","modified_gmt":"2022-10-28T13:16:43","slug":"insiste-el-congreso-de-oaxaca-en-defender-retroceso-en-paridad-de-genero","status":"publish","type":"post","link":"https:\/\/zonaroja.com.mx\/?p=47390","title":{"rendered":"Insiste el Congreso de Oaxaca en defender retroceso en paridad de g\u00e9nero"},"content":{"rendered":"\n<p>Redacci\u00f3n\/Zona Roja.<\/p>\n\n\n\n<p>Oaxaca de Ju\u00e1rez, Oax., a 28 de octubre de 2022.- Mientras organismos civiles contin\u00faan recriminando el aval del Ejecutivo y del Legislativo al retroceso a la paridad de g\u00e9nero, el Congreso del Estado insisti\u00f3 en defender la modificaci\u00f3n a la norma.<\/p>\n\n\n\n<p>\u201cEn Oaxaca ya es ley que sea de forma gradual la paridad de g\u00e9nero en la integraci\u00f3n de los ayuntamientos de los municipios que se rigen por Sistemas Normativos Ind\u00edgenas.<\/p>\n\n\n\n<p>Lo anterior, luego de que el titular del Poder Ejecutivo public\u00f3 el 25 de octubre de este a\u00f1o el decreto n\u00famero 698, aprobado por la 65 Legislatura del Congreso local, que reforma la Ley de Instituciones y Procedimientos Electorales del Estado de Oaxaca, en materia de paridad y participaci\u00f3n pol\u00edtica de las mujeres.<\/p>\n\n\n\n<p>Con dicha publicaci\u00f3n culmina el proceso legislativo y entra en vigor la reforma al art\u00edculo tercero transitorio que establece que la paridad en los municipios de Sistemas Normativos Ind\u00edgenas ser\u00e1 gradual, para el cumplimiento de los art\u00edculos 15, 24, 32 y 52 de dicha ley\u201d, detall\u00f3 en un comunicado de prensa.<\/p>\n\n\n\n<p>Record\u00f3 que el 28 de septiembre de este a\u00f1o, el Pleno de la 65 Legislatura local aprob\u00f3 el cambio legislativo \u201cpara evitar la simulaci\u00f3n de paridad en Oaxaca, as\u00ed como prevenir la violencia pol\u00edtica hacia las mujeres que aspiran a integrar los ayuntamientos\u201d.&nbsp;<\/p>\n\n\n\n<p>Agreg\u00f3 que el decreto 698 aprobado \u201crepresenta un avance en Oaxaca, y en ning\u00fan momento se trata de un retroceso para la paridad y participaci\u00f3n efectiva de las mujeres en los gobiernos municipales.<\/p>\n\n\n\n<p>SIGUEN RECLAMOS<\/p>\n\n\n\n<p>Por su parte, organizaciones civiles de Oaxaca insistieron en recriminar la aprobaci\u00f3n y publicaci\u00f3n del decreto en el Peri\u00f3dico Oficial del Estado.<\/p>\n\n\n\n<p>\u201cLlamamos a las y los diputados que votaron en contra de la reforma del 1511 a que lleven a cabo las acciones legales que correspondan a efecto de seguir exigiendo la paridad en Oaxaca\u201d, expusieron en un comunicado difundido por Consorcio Oaxaca.<\/p>\n\n\n\n<p>Reiteraron que la modificaci\u00f3n representa una violaci\u00f3n a los derechos humanos de las mujeres ind\u00edgenas e implica un retroceso a los espacios ya ganados.<\/p>\n\n\n\n<p>\u201cDicha modificaci\u00f3n a la ley, no reducir\u00e1 la violencia, ni mucho menos generar\u00e1 cambios estructurales a favor de las mujeres; por el contrario, frena la participaci\u00f3n de mujeres ind\u00edgenas y violenta sus derechos humanos\u201d.<\/p>\n\n\n\n<p>Reafirmaron que es falso el \u201cdiscurso\u201d que la paridad atenta contra la autonom\u00eda y libre determinaci\u00f3n de los pueblos toda vez que detr\u00e1s de este discurso se sigue impidiendo la participaci\u00f3n de las mujeres, diferentes municipios con sistemas de cargos han mostrado que si se pueden ejercer estos dos derechos en armon\u00eda.<\/p>\n\n\n\n<p>Exigieron tambi\u00e9n a la Defensor\u00eda de los Derechos Humanos del Pueblo de Oaxaca (DDHPO) y a la Comisi\u00f3n Nacional de Derechos Humanos (CNDH)&nbsp;interponer las acciones de anticonstitucionalidad a efecto de no dejar en estado de indefensi\u00f3n a las mujeres ind\u00edgenas de Oaxaca.<\/p>\n","protected":false},"excerpt":{"rendered":"<p>Redacci\u00f3n\/Zona Roja. Oaxaca de Ju\u00e1rez, Oax., a 28 de octubre de 2022.- Mientras organismos civiles&hellip;<\/p>\n","protected":false},"author":2,"featured_media":39376,"comment_status":"closed","ping_status":"open","sticky":false,"template":"","format":"standard","meta":{"_lmt_disableupdate":"","_lmt_disable":"","_jetpack_memberships_contains_paid_content":false,"footnotes":""},"categories":[109,47],"tags":[2743],"class_list":["post-47390","post","type-post","status-publish","format-standard","has-post-thumbnail","hentry","category-minuto-a-minuto","category-zona-gris","tag-65-legislatura-del-estado-de-oaxaca"],"jetpack_featured_media_url":"https:\/\/zonaroja.com.mx\/wp-content\/uploads\/2022\/03\/Postal-paridad.png","jetpack_sharing_enabled":true,"_links":{"self":[{"href":"https:\/\/zonaroja.com.mx\/index.php?rest_route=\/wp\/v2\/posts\/47390","targetHints":{"allow":["GET"]}}],"collection":[{"href":"https:\/\/zonaroja.com.mx\/index.php?rest_route=\/wp\/v2\/posts"}],"about":[{"href":"https:\/\/zonaroja.com.mx\/index.php?rest_route=\/wp\/v2\/types\/post"}],"author":[{"embeddable":true,"href":"https:\/\/zonaroja.com.mx\/index.php?rest_route=\/wp\/v2\/users\/2"}],"replies":[{"embeddable":true,"href":"https:\/\/zonaroja.com.mx\/index.php?rest_route=%2Fwp%2Fv2%2Fcomments&post=47390"}],"version-history":[{"count":1,"href":"https:\/\/zonaroja.com.mx\/index.php?rest_route=\/wp\/v2\/posts\/47390\/revisions"}],"predecessor-version":[{"id":47391,"href":"https:\/\/zonaroja.com.mx\/index.php?rest_route=\/wp\/v2\/posts\/47390\/revisions\/47391"}],"wp:featuredmedia":[{"embeddable":true,"href":"https:\/\/zonaroja.com.mx\/index.php?rest_route=\/wp\/v2\/media\/39376"}],"wp:attachment":[{"href":"https:\/\/zonaroja.com.mx\/index.php?rest_route=%2Fwp%2Fv2%2Fmedia&parent=47390"}],"wp:term":[{"taxonomy":"category","embeddable":true,"href":"https:\/\/zonaroja.com.mx\/index.php?rest_route=%2Fwp%2Fv2%2Fcategories&post=47390"},{"taxonomy":"post_tag","embeddable":true,"href":"https:\/\/zonaroja.com.mx\/index.php?rest_route=%2Fwp%2Fv2%2Ftags&post=47390"}],"curies":[{"name":"wp","href":"https:\/\/api.w.org\/{rel}","templated":true}]}}