{"id":47397,"date":"2022-10-29T08:31:00","date_gmt":"2022-10-29T13:31:00","guid":{"rendered":"http:\/\/www.zonaroja.com.mx\/?p=47397"},"modified":"2022-10-29T07:14:01","modified_gmt":"2022-10-29T12:14:01","slug":"detiene-fiscalia-a-mujer-extorsionadora-en-la-cuenca-tambien-a-probable-homicida","status":"publish","type":"post","link":"https:\/\/zonaroja.com.mx\/?p=47397","title":{"rendered":"Detiene Fiscal\u00eda a mujer extorsionadora en la Cuenca; tambi\u00e9n a probable homicida"},"content":{"rendered":"\n<p>Redacci\u00f3n\/Zona Roja.<\/p>\n\n\n\n<p>Oaxaca de Ju\u00e1rez, Oax., 29 de octubre de 2022.- La Fiscal\u00eda General del Estado de Oaxaca (FGEO) logr\u00f3 aprehender a la persona del sexo femenino identificada como V. B. M., probable responsable del delito de extorsi\u00f3n, en agravio de una v\u00edctima de identidad reservada por ley, cometido en jurisdicci\u00f3n de San Juan Bautista Tuxtepec, en la regi\u00f3n de la Cuenca.<\/p>\n\n\n\n<p>De acuerdo con la carpeta de investigaci\u00f3n 40391\/FCUE\/TUXTEPEC\/2020, el 29 de diciembre de 2020, la v\u00edctima recibi\u00f3 mensajes de texto y llamadas extorsivas, en las que le exig\u00edan una fuerte suma de dinero a cambio de no atentar contra la vida de un familiar.<\/p>\n\n\n\n<p>Ante este hecho, la Vicefiscal\u00eda Regional de la Cuenca intervino y realiz\u00f3 una exhaustiva labor de investigaci\u00f3n, logrando identificar a la probable responsable, quien fue aprehendida el pasado 26 de octubre.<\/p>\n\n\n\n<p>La imputada V. B. M. fue presentada ante la autoridad ministerial correspondiente, quien determinar\u00e1 su situaci\u00f3n jur\u00eddica en las pr\u00f3ximas horas.<\/p>\n\n\n\n<p>OBJETIVO PRIORITARIO<\/p>\n\n\n\n<p>Por otro lado, en el combate frontal contra la delincuencia y la criminalidad de la Fiscal\u00eda General del Estado de Oaxaca (FGEO) permiti\u00f3 la aprehensi\u00f3n de la persona del sexo masculino identificado como J. O. A. P., probable responsable del delito de homicidio calificado con ventaja en agravio de quien en vida respondi\u00f3 al nombre de C. O. H., cometido en agosto de 2020, en jurisdicci\u00f3n de San Miguel Soyaltepec, en la regi\u00f3n de la Cuenca.<\/p>\n\n\n\n<p>Este viernes 28 de octubre, elementos de la Agencia Estatal de Investigaciones (AEI) adscritos a la Vicefiscal\u00eda Regional de la Cuenca dieron cumplimiento a la orden de aprehensi\u00f3n girada en contra de J. O. A. P., quien representaba un objetivo prioritario para la FGEO, al ser probablemente uno de los principales generadores de violencia en la regi\u00f3n de la Cuenca.&nbsp;<\/p>\n\n\n\n<p>De acuerdo con la causa penal 126\/2021, el 27 de agosto de 2020, el imputado -y otros sujetos- sometieron y agredieron de manera f\u00edsica a C. O. H., cuando se encontraba en su domicilio ubicado en la comunidad de Isla M\u00e1lzaga, perteneciente a San Miguel Soyaltepec; a causa de las heridas infligidas, la v\u00edctima perdi\u00f3 la vida.<\/p>\n\n\n\n<p>El probable homicida ser\u00e1 presentado ante la autoridad ministerial correspondiente, quien determinar\u00e1 su situaci\u00f3n jur\u00eddica en las pr\u00f3ximas horas.<\/p>\n","protected":false},"excerpt":{"rendered":"<p>Redacci\u00f3n\/Zona Roja. Oaxaca de Ju\u00e1rez, Oax., 29 de octubre de 2022.- La Fiscal\u00eda General del&hellip;<\/p>\n","protected":false},"author":2,"featured_media":47398,"comment_status":"closed","ping_status":"open","sticky":false,"template":"","format":"standard","meta":{"_lmt_disableupdate":"","_lmt_disable":"","_jetpack_memberships_contains_paid_content":false,"footnotes":""},"categories":[109,46],"tags":[494],"class_list":["post-47397","post","type-post","status-publish","format-standard","has-post-thumbnail","hentry","category-minuto-a-minuto","category-zona-blanca","tag-fiscalia-general-del-estado-de-oaxaca"],"jetpack_featured_media_url":"https:\/\/zonaroja.com.mx\/wp-content\/uploads\/2022\/10\/Detenido-Fiscalia-Cuenca-Oaxaca.jpeg","jetpack_sharing_enabled":true,"_links":{"self":[{"href":"https:\/\/zonaroja.com.mx\/index.php?rest_route=\/wp\/v2\/posts\/47397","targetHints":{"allow":["GET"]}}],"collection":[{"href":"https:\/\/zonaroja.com.mx\/index.php?rest_route=\/wp\/v2\/posts"}],"about":[{"href":"https:\/\/zonaroja.com.mx\/index.php?rest_route=\/wp\/v2\/types\/post"}],"author":[{"embeddable":true,"href":"https:\/\/zonaroja.com.mx\/index.php?rest_route=\/wp\/v2\/users\/2"}],"replies":[{"embeddable":true,"href":"https:\/\/zonaroja.com.mx\/index.php?rest_route=%2Fwp%2Fv2%2Fcomments&post=47397"}],"version-history":[{"count":2,"href":"https:\/\/zonaroja.com.mx\/index.php?rest_route=\/wp\/v2\/posts\/47397\/revisions"}],"predecessor-version":[{"id":47419,"href":"https:\/\/zonaroja.com.mx\/index.php?rest_route=\/wp\/v2\/posts\/47397\/revisions\/47419"}],"wp:featuredmedia":[{"embeddable":true,"href":"https:\/\/zonaroja.com.mx\/index.php?rest_route=\/wp\/v2\/media\/47398"}],"wp:attachment":[{"href":"https:\/\/zonaroja.com.mx\/index.php?rest_route=%2Fwp%2Fv2%2Fmedia&parent=47397"}],"wp:term":[{"taxonomy":"category","embeddable":true,"href":"https:\/\/zonaroja.com.mx\/index.php?rest_route=%2Fwp%2Fv2%2Fcategories&post=47397"},{"taxonomy":"post_tag","embeddable":true,"href":"https:\/\/zonaroja.com.mx\/index.php?rest_route=%2Fwp%2Fv2%2Ftags&post=47397"}],"curies":[{"name":"wp","href":"https:\/\/api.w.org\/{rel}","templated":true}]}}