{"id":47403,"date":"2022-10-28T19:16:53","date_gmt":"2022-10-29T00:16:53","guid":{"rendered":"http:\/\/www.zonaroja.com.mx\/?p=47403"},"modified":"2022-10-28T19:34:31","modified_gmt":"2022-10-29T00:34:31","slug":"regresan-ambulantes-al-centro-historico-con-pretexto-de-dia-de-muertos","status":"publish","type":"post","link":"https:\/\/zonaroja.com.mx\/?p=47403","title":{"rendered":"Regresan ambulantes al Centro Hist\u00f3rico con pretexto de \u201cD\u00eda de Muertos\u201d"},"content":{"rendered":"\n<p>Yuridiana Sosa\/Zona Roja.<\/p>\n\n\n\n<p>Oaxaca de Ju\u00e1rez, Oax., 28 de octubre de 2022.- Entre basura, baches e invasi\u00f3n de calles por ambulantes, la capital oaxaque\u00f1a da la bienvenida a los turistas que llegan con motivo del \u201cD\u00eda de Muerto\u201d y \u201cTodos Santos\u201d. La crisis escal\u00f3 la tarde de hoy con bloqueos en el Perif\u00e9rico, ante c\u00famulo de desechos.<\/p>\n\n\n\n<p>Sobre las calles del Centro Hist\u00f3rico ya se aprecian desde este viernes a los turistas, quienes adem\u00e1s de admirar la belleza arquitect\u00f3nica de la ciudad Patrimonio de la Humanidad, tambi\u00e9n observa los montones de basura en sus plazas principales.<\/p>\n\n\n\n<p>A 20 d\u00edas del cierre del basurero municipal de Oaxaca de Ju\u00e1rez, y pese a los esfuerzos insuficientes o no de la autoridad para tratar de limpiar la ciudad, el z\u00f3calo y la Alameda de Le\u00f3n permanecen con montones de desechos entre las jardineras de ambas plazas, las principales de la capital y que al mismo tiempo alberga a restaurantes en los portales.<\/p>\n\n\n\n<p>Desde temprana hora del d\u00eda, los grupos de turistas ya recorr\u00edan los espacios p\u00fablicos emblem\u00e1ticos, de los cuales deb\u00edan cuidar su escenario para las fotograf\u00edas, para evitar la basura y, adem\u00e1s, los puestos ambulantes.<\/p>\n\n\n\n<figure class=\"wp-block-embed is-type-rich is-provider-twitter wp-block-embed-twitter\"><div class=\"wp-block-embed__wrapper\">\n<div class=\"twitter-tweet\"><blockquote class=\"twitter-tweet\" data-lang=\"es\"><p lang=\"es\" dir=\"ltr\"><a href=\"https:\/\/twitter.com\/hashtag\/%C3%9AltimoMinuto?src=hash&amp;ref_src=twsrc%5Etfw\">#\u00daltimoMinuto<\/a> <br>\u00a1Regresan los ambulantes al Centro Hist\u00f3rico! <br>Bajo el pretexto del D\u00eda de Muertos y presuntamente con autorizaci\u00f3n del <a href=\"https:\/\/twitter.com\/MunicipioOaxaca?ref_src=twsrc%5Etfw\">@MunicipioOaxaca<\/a>, los puestos invaden el Andador Tur\u00edstico. <br>Tambi\u00e9n la plazuela Independencia, a un costado de Catedral. <a href=\"https:\/\/t.co\/v8kMNhn27W\">pic.twitter.com\/v8kMNhn27W<\/a><\/p>&mdash; Zona Roja Oaxaca (@ZonaRoja_Oaxaca) <a href=\"https:\/\/twitter.com\/ZonaRoja_Oaxaca\/status\/1586051560966164486?ref_src=twsrc%5Etfw\">28 de octubre de 2022<\/a><\/blockquote><\/div>\n<\/div><\/figure>\n\n\n\n<p>Con el pretexto de la festividad tradicional y supuestamente con permisos del ayuntamiento, decenas de comerciantes ambulantes iniciaron la invasi\u00f3n de diferentes calles, principalmente en el Andador Tur\u00edstico Macedonio Alcal\u00e1.<\/p>\n\n\n\n<p>De manera previa y clara, el ayuntamiento de Oaxaca de Ju\u00e1rez a cargo del morenista Francisco Mart\u00ednez Neri no ha informado sobre la cantidad de permisos temporales que emiti\u00f3, el lapso de tiempo, horarios y su ubicaci\u00f3n.<\/p>\n\n\n\n<p>En la plazuela de Independencia, los llamados \u201cpintacaritas\u201d se instalaron en las jardineras; vendedores de bisuter\u00edas y pulseras tambi\u00e9n comenzaron a estacionarse en el lugar, se constante en un recorrido por ZONA ROJA.<\/p>\n\n\n\n<p>Sobre el Andador, con direcci\u00f3n a Santo Domingo de Guzm\u00e1n, se exhibi\u00f3 la presencia de vendedores que colocaron mesas, sillas, bancos o sus mercanc\u00edas para apartar el espacio que ocupar\u00e1n los pr\u00f3ximos d\u00edas.<\/p>\n\n\n\n<p>Otros, ya iniciaron su venta, por lo menos con la presencia de una tabla como exhibidor de sus art\u00edculos.<\/p>\n\n\n\n<figure class=\"wp-block-embed is-type-rich is-provider-twitter wp-block-embed-twitter\"><div class=\"wp-block-embed__wrapper\">\n<div class=\"twitter-tweet\"><blockquote class=\"twitter-tweet\" data-lang=\"es\"><p lang=\"es\" dir=\"ltr\"><a href=\"https:\/\/twitter.com\/hashtag\/%C3%9AltimoMinuto?src=hash&amp;ref_src=twsrc%5Etfw\">#\u00daltimoMinuto<\/a> <br>Hasta el z\u00f3calo invadieron los ambulantes desde este viernes. <br>La capital de Oaxaca, en el abandono por parte del <a href=\"https:\/\/twitter.com\/MunicipioOaxaca?ref_src=twsrc%5Etfw\">@MunicipioOaxaca<\/a>.<br>Aut\u00e9ntico caos y desorden. <a href=\"https:\/\/t.co\/nNZbCgFh0F\">pic.twitter.com\/nNZbCgFh0F<\/a><\/p>&mdash; Zona Roja Oaxaca (@ZonaRoja_Oaxaca) <a href=\"https:\/\/twitter.com\/ZonaRoja_Oaxaca\/status\/1586134435057078274?ref_src=twsrc%5Etfw\">28 de octubre de 2022<\/a><\/blockquote><\/div>\n<\/div><\/figure>\n\n\n\n<p>Pero el puesto que llama la atenci\u00f3n, por su ubicaci\u00f3n que interfiere en el cruce peatonal y dimensiones, es el instalado en la intersecci\u00f3n del Andador con la calle de Matamoros y Murgu\u00eda. Es un puesto de tejate y aguas que sobre el paso coloc\u00f3 su venta.<\/p>\n\n\n\n<p>Aunque por ahora los vendedores forman parte del colorido escenario, su estancia representa otro problema m\u00e1s para la autoridad, pues en diversas ocasiones se ha demostrado que al t\u00e9rmino de alguna festividad permanecen y reclaman los espacios como de su propiedad. Retirarlos implica un reto may\u00fasculo.<\/p>\n\n\n\n<p>En tanto, otro de los problemas que deben enfrentar tambi\u00e9n los turistas que llegan a Oaxaca son los baches. Quienes deban llegar de la zona de la prefer\u00eda o desplazarse de sus hoteles fuera del primer cuadro de la ciudad tambi\u00e9n sufren de las malas condiciones de la vialidad en la capital, lo cual molesta.<\/p>\n\n\n\n<p>Es as\u00ed, como entre la algarab\u00eda de la fiesta de \u201cD\u00eda de Muertos\u201d los ambulantes aprovechan y se vuelven a apoderar del Centro Hist\u00f3rico y la autoridad hace como que no ve.<\/p>\n\n\n\n<p>Por la tarde-noche, la crisis escal\u00f3 ante el bloqueo del Perif\u00e9rico por parte de habitantes de las colonias Arboleda y Art\u00edculo 123, con montones de basura, para exigir el retiro del tiradero a cielo abierto sobre el camell\u00f3n.<\/p>\n\n\n\n<p>Tras ello, arribaron polic\u00edas municipales para tratar de disuadir a los manifestantes, y posteriormente llegaron carros recolectores para llevarse una parte de los desechos, con lo cual se retir\u00f3 el bloqueo de vecinos.<\/p>\n\n\n\n<figure class=\"wp-block-embed is-type-rich is-provider-twitter wp-block-embed-twitter\"><div class=\"wp-block-embed__wrapper\">\n<div class=\"twitter-tweet\"><blockquote class=\"twitter-tweet\" data-lang=\"es\"><p lang=\"es\" dir=\"ltr\">Comparten video de la grave situaci\u00f3n de la basura en el Perif\u00e9rico y Nu\u00f1o del Mercado de la ciudad de <a href=\"https:\/\/twitter.com\/hashtag\/Oaxaca?src=hash&amp;ref_src=twsrc%5Etfw\">#Oaxaca<\/a>, as\u00ed como la irritaci\u00f3n de colonos, que bloquean con bolsos el paso vehicular. <a href=\"https:\/\/t.co\/C0QaWxfkLy\">pic.twitter.com\/C0QaWxfkLy<\/a><\/p>&mdash; Zona Roja Oaxaca (@ZonaRoja_Oaxaca) <a href=\"https:\/\/twitter.com\/ZonaRoja_Oaxaca\/status\/1586141289460162560?ref_src=twsrc%5Etfw\">28 de octubre de 2022<\/a><\/blockquote><\/div>\n<\/div><\/figure>\n","protected":false},"excerpt":{"rendered":"<p>Yuridiana Sosa\/Zona Roja. Oaxaca de Ju\u00e1rez, Oax., 28 de octubre de 2022.- Entre basura, baches&hellip;<\/p>\n","protected":false},"author":2,"featured_media":47404,"comment_status":"closed","ping_status":"open","sticky":false,"template":"","format":"standard","meta":{"_lmt_disableupdate":"","_lmt_disable":"","_jetpack_memberships_contains_paid_content":false,"footnotes":""},"categories":[109,47],"tags":[148],"class_list":["post-47403","post","type-post","status-publish","format-standard","has-post-thumbnail","hentry","category-minuto-a-minuto","category-zona-gris","tag-oaxaca-de-juarez"],"jetpack_featured_media_url":"https:\/\/zonaroja.com.mx\/wp-content\/uploads\/2022\/10\/Ambulantes-Andador-Turistico-ciudad-de-Oaxaca.jpg","jetpack_sharing_enabled":true,"_links":{"self":[{"href":"https:\/\/zonaroja.com.mx\/index.php?rest_route=\/wp\/v2\/posts\/47403","targetHints":{"allow":["GET"]}}],"collection":[{"href":"https:\/\/zonaroja.com.mx\/index.php?rest_route=\/wp\/v2\/posts"}],"about":[{"href":"https:\/\/zonaroja.com.mx\/index.php?rest_route=\/wp\/v2\/types\/post"}],"author":[{"embeddable":true,"href":"https:\/\/zonaroja.com.mx\/index.php?rest_route=\/wp\/v2\/users\/2"}],"replies":[{"embeddable":true,"href":"https:\/\/zonaroja.com.mx\/index.php?rest_route=%2Fwp%2Fv2%2Fcomments&post=47403"}],"version-history":[{"count":3,"href":"https:\/\/zonaroja.com.mx\/index.php?rest_route=\/wp\/v2\/posts\/47403\/revisions"}],"predecessor-version":[{"id":47409,"href":"https:\/\/zonaroja.com.mx\/index.php?rest_route=\/wp\/v2\/posts\/47403\/revisions\/47409"}],"wp:featuredmedia":[{"embeddable":true,"href":"https:\/\/zonaroja.com.mx\/index.php?rest_route=\/wp\/v2\/media\/47404"}],"wp:attachment":[{"href":"https:\/\/zonaroja.com.mx\/index.php?rest_route=%2Fwp%2Fv2%2Fmedia&parent=47403"}],"wp:term":[{"taxonomy":"category","embeddable":true,"href":"https:\/\/zonaroja.com.mx\/index.php?rest_route=%2Fwp%2Fv2%2Fcategories&post=47403"},{"taxonomy":"post_tag","embeddable":true,"href":"https:\/\/zonaroja.com.mx\/index.php?rest_route=%2Fwp%2Fv2%2Ftags&post=47403"}],"curies":[{"name":"wp","href":"https:\/\/api.w.org\/{rel}","templated":true}]}}