{"id":47410,"date":"2022-10-28T21:21:36","date_gmt":"2022-10-29T02:21:36","guid":{"rendered":"http:\/\/www.zonaroja.com.mx\/?p=47410"},"modified":"2022-10-28T21:21:38","modified_gmt":"2022-10-29T02:21:38","slug":"amplia-ayuntamiento-de-santa-lucia-del-camino-espacios-en-panteon","status":"publish","type":"post","link":"https:\/\/zonaroja.com.mx\/?p=47410","title":{"rendered":"Ampl\u00eda ayuntamiento de Santa Luc\u00eda del Camino espacios en pante\u00f3n"},"content":{"rendered":"\n<p>Redacci\u00f3n\/Zona Roja.<\/p>\n\n\n\n<p>Oaxaca de Ju\u00e1rez, Oax., a 28 de octubre de 2022.- Ante la urbanizaci\u00f3n que se encuentra completamente instalada en Santa Luc\u00eda del Camino, el ayuntamiento gestion\u00f3 alternativas para brindarle a la ciudadan\u00eda condiciones dignas para un descanso eterno, esto sin alterar el orden social.<\/p>\n\n\n\n<p>Es por este motivo que el presidente municipal Juan Carlos Garc\u00eda M\u00e1rquez inaugur\u00f3 columbario en el pante\u00f3n ubicado en la cabecera municipal, el cual servir\u00e1 como opci\u00f3n para la colocaci\u00f3n de cenizas de los parientes de las y los ciudadanos del municipio.<\/p>\n\n\n\n<p>\u201cLas defunciones no se detienen, todos en alg\u00fan momento vamos a requerir un lugar para que se puedan sepultar a nuestros muertos; al ver esta problem\u00e1tica y al no encontrar una soluci\u00f3n inmediata, buscamos la ruta de realizar este columbario que da una alternativa para las y los ciudadanos\u201d, manifest\u00f3 el edil.<\/p>\n\n\n\n<p>Ser\u00e1 a partir de enero del a\u00f1o 2023 cuando el ayuntamiento de Santa Luc\u00eda del Camino comenzar\u00e1 a vender los espacios de este columbario, toda vez que no se encuentra dentro de la Ley de Ingresos \u201cya que no exist\u00eda este espacio en Santa Luc\u00eda del Camino, y en consecuencia no se puede cobrar\u201d.<\/p>\n\n\n\n<p>En este sentido, el presidente Juan Carlos Garc\u00eda M\u00e1rquez resalt\u00f3 que, respecto a la creaci\u00f3n de otro pante\u00f3n dentro de Santa Luc\u00eda del Camino, no ser\u00e1 un proyecto a la fuerza, se tendr\u00e1 que buscar la autorizaci\u00f3n de la propia ciudadan\u00eda, para as\u00ed evitar cualquier tipo de conflicto; en tanto, se apostar\u00e1 por este columbario y, en caso de ser necesario, se buscar\u00e1 su ampliaci\u00f3n.<\/p>\n\n\n\n<p>Finalmente, en el marco de las festividades de D\u00eda de Muertos, el ayuntamiento de Santa Luc\u00eda del Camino mantendr\u00e1 abierto el pante\u00f3n municipal en estas fechas, y el d\u00eda 2 de noviembre se estar\u00e1 regalando pan de yema, chocolate, ambientado todo con m\u00fasica para incentivar las tradiciones en las familias del municipio, todo bajo un espacio seguro para todas y todos.<\/p>\n\n\n\n<figure class=\"wp-block-embed is-type-rich is-provider-twitter wp-block-embed-twitter\"><div class=\"wp-block-embed__wrapper\">\n<div class=\"twitter-tweet\"><blockquote class=\"twitter-tweet\" data-lang=\"es\"><p lang=\"es\" dir=\"ltr\">\u00bfQu\u00e9 es un columbario? Fue inaugurado hoy en el pante\u00f3n principal de Santa Luc\u00eda del Camino, Oaxaca. <br>As\u00ed explica el presidente municipal <a href=\"https:\/\/twitter.com\/JC_GMarquez?ref_src=twsrc%5Etfw\">@JC_GMarquez<\/a> esta acci\u00f3n: <a href=\"https:\/\/t.co\/tF57DcIhBm\">pic.twitter.com\/tF57DcIhBm<\/a><\/p>&mdash; Zona Roja Oaxaca (@ZonaRoja_Oaxaca) <a href=\"https:\/\/twitter.com\/ZonaRoja_Oaxaca\/status\/1586040467346849792?ref_src=twsrc%5Etfw\">28 de octubre de 2022<\/a><\/blockquote><\/div>\n<\/div><\/figure>\n","protected":false},"excerpt":{"rendered":"<p>Redacci\u00f3n\/Zona Roja. Oaxaca de Ju\u00e1rez, Oax., a 28 de octubre de 2022.- Ante la urbanizaci\u00f3n&hellip;<\/p>\n","protected":false},"author":2,"featured_media":47411,"comment_status":"closed","ping_status":"open","sticky":false,"template":"","format":"standard","meta":{"_lmt_disableupdate":"","_lmt_disable":"","_jetpack_memberships_contains_paid_content":false,"footnotes":""},"categories":[109,46],"tags":[337],"class_list":["post-47410","post","type-post","status-publish","format-standard","has-post-thumbnail","hentry","category-minuto-a-minuto","category-zona-blanca","tag-santa-lucia-del-camino"],"jetpack_featured_media_url":"https:\/\/zonaroja.com.mx\/wp-content\/uploads\/2022\/10\/Columbario-Santa-Lucia-del-Camino.jpg","jetpack_sharing_enabled":true,"_links":{"self":[{"href":"https:\/\/zonaroja.com.mx\/index.php?rest_route=\/wp\/v2\/posts\/47410","targetHints":{"allow":["GET"]}}],"collection":[{"href":"https:\/\/zonaroja.com.mx\/index.php?rest_route=\/wp\/v2\/posts"}],"about":[{"href":"https:\/\/zonaroja.com.mx\/index.php?rest_route=\/wp\/v2\/types\/post"}],"author":[{"embeddable":true,"href":"https:\/\/zonaroja.com.mx\/index.php?rest_route=\/wp\/v2\/users\/2"}],"replies":[{"embeddable":true,"href":"https:\/\/zonaroja.com.mx\/index.php?rest_route=%2Fwp%2Fv2%2Fcomments&post=47410"}],"version-history":[{"count":1,"href":"https:\/\/zonaroja.com.mx\/index.php?rest_route=\/wp\/v2\/posts\/47410\/revisions"}],"predecessor-version":[{"id":47412,"href":"https:\/\/zonaroja.com.mx\/index.php?rest_route=\/wp\/v2\/posts\/47410\/revisions\/47412"}],"wp:featuredmedia":[{"embeddable":true,"href":"https:\/\/zonaroja.com.mx\/index.php?rest_route=\/wp\/v2\/media\/47411"}],"wp:attachment":[{"href":"https:\/\/zonaroja.com.mx\/index.php?rest_route=%2Fwp%2Fv2%2Fmedia&parent=47410"}],"wp:term":[{"taxonomy":"category","embeddable":true,"href":"https:\/\/zonaroja.com.mx\/index.php?rest_route=%2Fwp%2Fv2%2Fcategories&post=47410"},{"taxonomy":"post_tag","embeddable":true,"href":"https:\/\/zonaroja.com.mx\/index.php?rest_route=%2Fwp%2Fv2%2Ftags&post=47410"}],"curies":[{"name":"wp","href":"https:\/\/api.w.org\/{rel}","templated":true}]}}