{"id":47413,"date":"2022-10-28T22:06:51","date_gmt":"2022-10-29T03:06:51","guid":{"rendered":"http:\/\/www.zonaroja.com.mx\/?p=47413"},"modified":"2022-10-28T22:06:53","modified_gmt":"2022-10-29T03:06:53","slug":"oaxaca-sera-sede-de-convencion-nacional-de-neuroticos-anonimos","status":"publish","type":"post","link":"https:\/\/zonaroja.com.mx\/?p=47413","title":{"rendered":"Oaxaca ser\u00e1 sede de Convenci\u00f3n Nacional de Neur\u00f3ticos An\u00f3nimos"},"content":{"rendered":"\n<p>Redacci\u00f3n\/Zona Roja.<\/p>\n\n\n\n<p>Oaxaca de Ju\u00e1rez, Oax., a 28 de octubre de 2022.- El estado de Oaxaca ser\u00e1 sede de la IV Convenci\u00f3n Nacional de Neur\u00f3ticos An\u00f3nimos A. C., anunciaron hoy representantes de la asociaci\u00f3n.<\/p>\n\n\n\n<p>En conferencia de prensa en la capital, detallaron que se efectuar\u00e1 los d\u00edas s\u00e1bado 19 y domingo 20 de noviembre de este a\u00f1o, en el auditorio de la Universidad Regional del Sureste, campus El Rosario, San Sebasti\u00e1n Tutla.<\/p>\n\n\n\n<p>Paulo Cesar S\u00e1nchez, gerente general de la Oficina de Servicios Generales de Neur\u00f3ticos An\u00f3nimos, invit\u00f3 a toda la sociedad a acudir a las actividades, que ser\u00e1n p\u00fablicas y que iniciar\u00e1 el 19 de noviembre por la tarde con una junta de informaci\u00f3n, para explicar las acciones y alcances.<\/p>\n\n\n\n<p>Y es que detall\u00f3 que durante la pandemia por Covid-19, creci\u00f3 de forma alarmante la neurosis, ya que a los grupos de toda la Rep\u00fablica Mexicana, comenzaron a llegar personas, con s\u00edntomas de angustia, ansiedad, depresiones y otras manifestaciones de la enfermedad<\/p>\n\n\n\n<p>Ello motiv\u00f3 a esta asociaci\u00f3n civil a seguir difundiendo el programa de recuperaci\u00f3n de Neur\u00f3ticos An\u00f3nimos.<\/p>\n\n\n\n<p>Agradeci\u00f3 al Gobierno del Estado de Oaxaca y a la Universidad Regional de Sureste, por las facilidades y el apoyo que les brindan para llevar a cabo esta convenci\u00f3n y la junta de informaci\u00f3n al p\u00fablico.<\/p>\n\n\n\n<p>De acuerdo con los especialistas, la neurosis es una enfermedad mental y emocional profunda y severa que padecen algunas personas, misma que les causa una existencia solitaria, con s\u00edntomas que van de leves a graves.<\/p>\n\n\n\n<figure class=\"wp-block-embed is-type-rich is-provider-twitter wp-block-embed-twitter\"><div class=\"wp-block-embed__wrapper\">\n<div class=\"twitter-tweet\"><blockquote class=\"twitter-tweet\" data-lang=\"es\"><p lang=\"es\" dir=\"ltr\"><a href=\"https:\/\/twitter.com\/hashtag\/ENVIVO?src=hash&amp;ref_src=twsrc%5Etfw\">#ENVIVO<\/a><br>Oaxaca de Ju\u00e1rez, Oax.,  a 28 de octubre de 2022.- Neur\u00f3ticos An\u00f3nimos A. C. anuncia IV Convenci\u00f3n Nacional, los d\u00edas 19 y 20 de noviembre.<br><br>Siga la transmisi\u00f3n \ud83d\udc47<a href=\"https:\/\/t.co\/M8NwUVt1tW\">https:\/\/t.co\/M8NwUVt1tW<\/a> <a href=\"https:\/\/t.co\/RJ7VfSD0K9\">pic.twitter.com\/RJ7VfSD0K9<\/a><\/p>&mdash; Zona Roja Oaxaca (@ZonaRoja_Oaxaca) <a href=\"https:\/\/twitter.com\/ZonaRoja_Oaxaca\/status\/1586005553524146177?ref_src=twsrc%5Etfw\">28 de octubre de 2022<\/a><\/blockquote><\/div>\n<\/div><\/figure>\n\n\n\n<p>Esta enfermedad, es provocada por las fuertes emociones que hay en el ser humano y que \u00e9ste no puede controlar por s\u00ed solo, tales como la ira, los celos, depresi\u00f3n, angustia, temor, conmiseraci\u00f3n, preocupaci\u00f3n, resentimiento, ansiedad.<\/p>\n\n\n\n<p>As\u00ed como otras atormentadoras emociones, que poco a poco devastan a quien padece esta enfermedad.&nbsp;<\/p>\n\n\n\n<p>La enfermedad mental y emocional (neurosis) llega a causar efectos devastadores en el individuo, pues causa enfermedades f\u00edsicas, tales como gastritis, colitis, dolores de cabeza, c\u00e1ncer, dermatitis, vitiligo, problemas de la vista y otras m\u00e1s, inclusive puede llegar a la muerte.<\/p>\n\n\n\n<p>Fue el 18 de marzo de 1964 que el psic\u00f3logo norteamericano Grover B., creo el programa de recuperaci\u00f3n de Neur\u00f3ticos An\u00f3nimos (N A), mismo que llego a M\u00e9xico en el a\u00f1o 1974.<\/p>\n\n\n\n<p>Est\u00e1 al alcance de cualquier persona, a trav\u00e9s de sus 850 grupos que existen a todo lo largo y ancho de la Rep\u00fablica Mexicana.<\/p>\n\n\n\n<p>En la conferencia de prensa en la capital oaxaque\u00f1a estuvieron la psic\u00f3loga Tania Jim\u00e9nez V\u00e1squez, quien es profesional de la salud mental y experta en varios campos de la terapia para tratar la neurosis.&nbsp;<\/p>\n\n\n\n<p>As\u00ed mismo, participo la maestra Nancy Flemming Tello, directora de Unidad de Medidas Cautelares de la Secretar\u00eda de Seguridad P\u00fablica del Gobierno del Estado, quien imparti\u00f3 una conferencia sobre la importancia del programa de Neur\u00f3ticos An\u00f3nimos en las medidas cautelares que dictan los jueces y el apoyo que esta asociaci\u00f3n otorga en el proceso de reintegraci\u00f3n social de los individuos sentenciados en un proceso penal.<\/p>\n","protected":false},"excerpt":{"rendered":"<p>Redacci\u00f3n\/Zona Roja. Oaxaca de Ju\u00e1rez, Oax., a 28 de octubre de 2022.- El estado de&hellip;<\/p>\n","protected":false},"author":2,"featured_media":47414,"comment_status":"closed","ping_status":"open","sticky":false,"template":"","format":"standard","meta":{"_lmt_disableupdate":"","_lmt_disable":"","_jetpack_memberships_contains_paid_content":false,"footnotes":""},"categories":[109,46],"tags":[3293],"class_list":["post-47413","post","type-post","status-publish","format-standard","has-post-thumbnail","hentry","category-minuto-a-minuto","category-zona-blanca","tag-neuroticos-anonimos-a-c"],"jetpack_featured_media_url":"https:\/\/zonaroja.com.mx\/wp-content\/uploads\/2022\/10\/Neuroticos-Anonimos-conferencia.jpg","jetpack_sharing_enabled":true,"_links":{"self":[{"href":"https:\/\/zonaroja.com.mx\/index.php?rest_route=\/wp\/v2\/posts\/47413","targetHints":{"allow":["GET"]}}],"collection":[{"href":"https:\/\/zonaroja.com.mx\/index.php?rest_route=\/wp\/v2\/posts"}],"about":[{"href":"https:\/\/zonaroja.com.mx\/index.php?rest_route=\/wp\/v2\/types\/post"}],"author":[{"embeddable":true,"href":"https:\/\/zonaroja.com.mx\/index.php?rest_route=\/wp\/v2\/users\/2"}],"replies":[{"embeddable":true,"href":"https:\/\/zonaroja.com.mx\/index.php?rest_route=%2Fwp%2Fv2%2Fcomments&post=47413"}],"version-history":[{"count":1,"href":"https:\/\/zonaroja.com.mx\/index.php?rest_route=\/wp\/v2\/posts\/47413\/revisions"}],"predecessor-version":[{"id":47415,"href":"https:\/\/zonaroja.com.mx\/index.php?rest_route=\/wp\/v2\/posts\/47413\/revisions\/47415"}],"wp:featuredmedia":[{"embeddable":true,"href":"https:\/\/zonaroja.com.mx\/index.php?rest_route=\/wp\/v2\/media\/47414"}],"wp:attachment":[{"href":"https:\/\/zonaroja.com.mx\/index.php?rest_route=%2Fwp%2Fv2%2Fmedia&parent=47413"}],"wp:term":[{"taxonomy":"category","embeddable":true,"href":"https:\/\/zonaroja.com.mx\/index.php?rest_route=%2Fwp%2Fv2%2Fcategories&post=47413"},{"taxonomy":"post_tag","embeddable":true,"href":"https:\/\/zonaroja.com.mx\/index.php?rest_route=%2Fwp%2Fv2%2Ftags&post=47413"}],"curies":[{"name":"wp","href":"https:\/\/api.w.org\/{rel}","templated":true}]}}