{"id":47416,"date":"2022-10-29T07:12:15","date_gmt":"2022-10-29T12:12:15","guid":{"rendered":"http:\/\/www.zonaroja.com.mx\/?p=47416"},"modified":"2022-10-29T07:12:29","modified_gmt":"2022-10-29T12:12:29","slug":"otra-mujer-asesinada-ahora-en-la-region-mixteca-de-oaxaca","status":"publish","type":"post","link":"https:\/\/zonaroja.com.mx\/?p=47416","title":{"rendered":"Otra mujer asesinada, ahora en la regi\u00f3n Mixteca de Oaxaca"},"content":{"rendered":"\n<p>Ismael Garc\u00eda M.\/Zona Roja.<\/p>\n\n\n\n<p>Oaxaca de Ju\u00e1rez, Oax., a 29 de octubre de 2022.- Otra mujer fue asesinada a balazos en el estado de Oaxaca.<\/p>\n\n\n\n<p>Ocurri\u00f3 ayer viernes en Zapotitl\u00e1n Palmas, municipio de la regi\u00f3n Mixteca, en que integrantes de una familia fueron atacados por disparos de arma de fuego en un domicilio de la calle Hidalgo.<\/p>\n\n\n\n<p>Un sujeto, presuntamente bajo los influjos del alcohol o de estupefacientes, dispar\u00f3 en contra de tres personas, que fueron apoyadas por param\u00e9dicos.&nbsp;<\/p>\n\n\n\n<p>Pero la mujer, identificada como Filogonia M. R., de 68 a\u00f1os de edad, muri\u00f3 cuando era trasladada en un veh\u00edculo a Huajuapan de Le\u00f3n; en tanto, reciben atenci\u00f3n m\u00e9dica Querub\u00edn M. F., as\u00ed como otra persona del sexo masculino.<\/p>\n\n\n\n<p>Las autoridades policiacas no han reportado detenci\u00f3n del agresor y la Vicefiscal\u00eda Regional de la Mixteca inici\u00f3 las indagatorias correspondientes.&nbsp;<\/p>\n\n\n\n<p>M\u00c1S DECESOS<\/p>\n\n\n\n<p>En la capital oaxaque\u00f1a, un hombre se suicid\u00f3 en los sanitarios de la tienda Soriana Madero, ubicada sobre la calzada Madero; la v\u00edctima fue identificada de manera preliminar como Ricardo S. S., de 32 a\u00f1os.<\/p>\n\n\n\n<p>Mientras que en la colonia Cocijoeza, en la parte sur de la Central de Abasto, una persona al parecer en situaci\u00f3n de indigencia perdi\u00f3 la vida.<\/p>\n\n\n\n<p>En tanto que en jurisdicci\u00f3n de San Blas Atempa, en la regi\u00f3n del Istmo, un hombre muri\u00f3 ahogado al caer de manera accidental al r\u00edo \u201cTehuantepec\u201d.<\/p>\n","protected":false},"excerpt":{"rendered":"<p>Ismael Garc\u00eda M.\/Zona Roja. Oaxaca de Ju\u00e1rez, Oax., a 29 de octubre de 2022.- Otra&hellip;<\/p>\n","protected":false},"author":2,"featured_media":34297,"comment_status":"closed","ping_status":"open","sticky":false,"template":"","format":"standard","meta":{"_lmt_disableupdate":"","_lmt_disable":"","_jetpack_memberships_contains_paid_content":false,"footnotes":""},"categories":[109,51],"tags":[3294],"class_list":["post-47416","post","type-post","status-publish","format-standard","has-post-thumbnail","hentry","category-minuto-a-minuto","category-zona-roja","tag-zapotitlan-palmas"],"jetpack_featured_media_url":"https:\/\/zonaroja.com.mx\/wp-content\/uploads\/2021\/11\/Mujer-feminicidio-vilencia-asesinada.jpg","jetpack_sharing_enabled":true,"_links":{"self":[{"href":"https:\/\/zonaroja.com.mx\/index.php?rest_route=\/wp\/v2\/posts\/47416","targetHints":{"allow":["GET"]}}],"collection":[{"href":"https:\/\/zonaroja.com.mx\/index.php?rest_route=\/wp\/v2\/posts"}],"about":[{"href":"https:\/\/zonaroja.com.mx\/index.php?rest_route=\/wp\/v2\/types\/post"}],"author":[{"embeddable":true,"href":"https:\/\/zonaroja.com.mx\/index.php?rest_route=\/wp\/v2\/users\/2"}],"replies":[{"embeddable":true,"href":"https:\/\/zonaroja.com.mx\/index.php?rest_route=%2Fwp%2Fv2%2Fcomments&post=47416"}],"version-history":[{"count":1,"href":"https:\/\/zonaroja.com.mx\/index.php?rest_route=\/wp\/v2\/posts\/47416\/revisions"}],"predecessor-version":[{"id":47417,"href":"https:\/\/zonaroja.com.mx\/index.php?rest_route=\/wp\/v2\/posts\/47416\/revisions\/47417"}],"wp:featuredmedia":[{"embeddable":true,"href":"https:\/\/zonaroja.com.mx\/index.php?rest_route=\/wp\/v2\/media\/34297"}],"wp:attachment":[{"href":"https:\/\/zonaroja.com.mx\/index.php?rest_route=%2Fwp%2Fv2%2Fmedia&parent=47416"}],"wp:term":[{"taxonomy":"category","embeddable":true,"href":"https:\/\/zonaroja.com.mx\/index.php?rest_route=%2Fwp%2Fv2%2Fcategories&post=47416"},{"taxonomy":"post_tag","embeddable":true,"href":"https:\/\/zonaroja.com.mx\/index.php?rest_route=%2Fwp%2Fv2%2Ftags&post=47416"}],"curies":[{"name":"wp","href":"https:\/\/api.w.org\/{rel}","templated":true}]}}