{"id":47420,"date":"2022-10-29T09:14:00","date_gmt":"2022-10-29T14:14:00","guid":{"rendered":"http:\/\/www.zonaroja.com.mx\/?p=47420"},"modified":"2022-10-29T07:18:56","modified_gmt":"2022-10-29T12:18:56","slug":"onu-derechos-humanos-condena-el-asesinato-de-activista-en-oaxaca","status":"publish","type":"post","link":"https:\/\/zonaroja.com.mx\/?p=47420","title":{"rendered":"ONU-Derechos Humanos condena el asesinato de activista en Oaxaca"},"content":{"rendered":"\n<p>Redacci\u00f3n\/Zona Roja Cdmx.<\/p>\n\n\n\n<p>Ciudad de M\u00e9xico, a 29 de octubre de 2022.- La oficina de derechos humanos de Naciones Unidas conden\u00f3 este viernes el asesinato del activista Filogonio Mart\u00ednez Merino, quien se opon\u00eda a la construcci\u00f3n de una represa en el estado de Oaxaca.<\/p>\n\n\n\n<p>La Fiscal\u00eda General del Estado de Oaxaca confirm\u00f3 que que el cuerpo de quien fuera tambi\u00e9n agente municipal de Paso de la Reyna, fue hallado el mi\u00e9rcoles.&nbsp;<\/p>\n\n\n\n<p>La oficina del Alto Comisionado de la ONU para los Derechos Humanos asegur\u00f3 que lo hab\u00edan matado a balazos.<\/p>\n\n\n\n<p>Era integrante del Consejo de Pueblos Unidos por la Defensa del R\u00edo \u201cVerde\u201d, que desde 2008 lucha contra los planes de construir una represa hidroel\u00e9ctrica en ese r\u00edo, ubicado en jurisdicci\u00f3n de Santiago Jamiltepec.<\/p>\n\n\n\n<p>Recientemente, las poblaciones de la zona ganaron una batalla judicial contra el proyecto del gobierno. En la regi\u00f3n tambi\u00e9n abundan los conflictos por tierras.&nbsp;<\/p>\n\n\n\n<p>El Consejo de Pueblos dijo que otros cinco activistas contra la represa fueron asesinados en 2021, tras lo cual las autoridades estatales les prometieron protecci\u00f3n.<\/p>\n\n\n\n<p>M\u00e9xico se ha vuelto el lugar m\u00e1s mort\u00edfero del mundo para los activistas ambientales y de defensa de la tierra, seg\u00fan una investigaci\u00f3n global de la ONG Global Witness.&nbsp;<\/p>\n\n\n\n<p>En 2021 asesinaron a 54 activistas, comparado con 33 en Colombia y 26 en Brasil. En el a\u00f1o mataron a 200 activistas en todo el mundo, seg\u00fan el grupo.<\/p>\n\n\n\n<p>(Informaci\u00f3n de agencias)<\/p>\n","protected":false},"excerpt":{"rendered":"<p>Redacci\u00f3n\/Zona Roja Cdmx. Ciudad de M\u00e9xico, a 29 de octubre de 2022.- La oficina de&hellip;<\/p>\n","protected":false},"author":2,"featured_media":47336,"comment_status":"closed","ping_status":"open","sticky":false,"template":"","format":"standard","meta":{"_lmt_disableupdate":"","_lmt_disable":"","_jetpack_memberships_contains_paid_content":false,"footnotes":""},"categories":[109,47],"tags":[3290],"class_list":["post-47420","post","type-post","status-publish","format-standard","has-post-thumbnail","hentry","category-minuto-a-minuto","category-zona-gris","tag-filogonio-martinez-merino"],"jetpack_featured_media_url":"https:\/\/zonaroja.com.mx\/wp-content\/uploads\/2022\/10\/Asesinato-Filogonio-rio-Verde-Jamiltepec.jpg","jetpack_sharing_enabled":true,"_links":{"self":[{"href":"https:\/\/zonaroja.com.mx\/index.php?rest_route=\/wp\/v2\/posts\/47420","targetHints":{"allow":["GET"]}}],"collection":[{"href":"https:\/\/zonaroja.com.mx\/index.php?rest_route=\/wp\/v2\/posts"}],"about":[{"href":"https:\/\/zonaroja.com.mx\/index.php?rest_route=\/wp\/v2\/types\/post"}],"author":[{"embeddable":true,"href":"https:\/\/zonaroja.com.mx\/index.php?rest_route=\/wp\/v2\/users\/2"}],"replies":[{"embeddable":true,"href":"https:\/\/zonaroja.com.mx\/index.php?rest_route=%2Fwp%2Fv2%2Fcomments&post=47420"}],"version-history":[{"count":1,"href":"https:\/\/zonaroja.com.mx\/index.php?rest_route=\/wp\/v2\/posts\/47420\/revisions"}],"predecessor-version":[{"id":47421,"href":"https:\/\/zonaroja.com.mx\/index.php?rest_route=\/wp\/v2\/posts\/47420\/revisions\/47421"}],"wp:featuredmedia":[{"embeddable":true,"href":"https:\/\/zonaroja.com.mx\/index.php?rest_route=\/wp\/v2\/media\/47336"}],"wp:attachment":[{"href":"https:\/\/zonaroja.com.mx\/index.php?rest_route=%2Fwp%2Fv2%2Fmedia&parent=47420"}],"wp:term":[{"taxonomy":"category","embeddable":true,"href":"https:\/\/zonaroja.com.mx\/index.php?rest_route=%2Fwp%2Fv2%2Fcategories&post=47420"},{"taxonomy":"post_tag","embeddable":true,"href":"https:\/\/zonaroja.com.mx\/index.php?rest_route=%2Fwp%2Fv2%2Ftags&post=47420"}],"curies":[{"name":"wp","href":"https:\/\/api.w.org\/{rel}","templated":true}]}}