{"id":47426,"date":"2022-10-29T09:52:00","date_gmt":"2022-10-29T14:52:00","guid":{"rendered":"http:\/\/www.zonaroja.com.mx\/?p=47426"},"modified":"2022-10-29T07:59:03","modified_gmt":"2022-10-29T12:59:03","slug":"la-fundacion-100xoaxaca-convoca-a-su-cuarta-generacion-de-prominentes","status":"publish","type":"post","link":"https:\/\/zonaroja.com.mx\/?p=47426","title":{"rendered":"La Fundaci\u00f3n 100xOaxaca convoca a su cuarta generaci\u00f3n de prominentes"},"content":{"rendered":"\n<p>Redacci\u00f3n\/Zona Roja.<\/p>\n\n\n\n<p>Oaxaca de Ju\u00e1rez Oax., a 29 de octubre de 2022.- La Fundaci\u00f3n 100xOaxaca anunci\u00f3, ante directivos y rectores de las principales universidades de todo el estado, la convocatoria para su Cuarta Generaci\u00f3n de Promitentes, cuya postulaci\u00f3n inici\u00f3 el 27 de octubre y quedar\u00e1 abierta hasta el 8 de diciembre.<\/p>\n\n\n\n<p>Ser\u00e1 a partir del pr\u00f3ximo 17 de diciembre, cuando la coordinaci\u00f3n y directiva de la Fundaci\u00f3n, seleccionar\u00e1n a los mejores perfiles para ser parte de una nueva generaci\u00f3n de estudiantes universitarios que, desde hace cuatro a\u00f1os, forma a profesionales de vanguardia en derecho, dot\u00e1ndolos de conocimientos de primer nivel, mediante asesoramiento, gu\u00eda y networking que los ayudar\u00e1 a convertirse en l\u00edderes en la materia.<\/p>\n\n\n\n<p>La Fundaci\u00f3n 100xOaxaca fue fundada en 2019 por la doctora Mar\u00eda Antonieta Chagoya M\u00e9ndez (+) y el doctor Carlos Salom\u00f3n Vel\u00e1squez Jarqu\u00edn (+), con el prop\u00f3sito de reconocer anualmente a los 100 mejores estudiantes de la Licenciatura de Derecho, con un liderazgo social.&nbsp;<\/p>\n\n\n\n<p>Tambi\u00e9n, para brindarles apoyo en su formaci\u00f3n como profesionistas, mediante la oportunidad de participar en un programa de formaci\u00f3n integral con un \u00fanico pago: entregar una promesa que beneficie a nuestro estado.<\/p>\n\n\n\n<p>En este mismo evento, la maestra Mar\u00eda Antonieta Vel\u00e1squez Chagoya, directora de la Fundaci\u00f3n, reconoci\u00f3 el impacto social que en estos tres a\u00f1os, m\u00e1s de 300 j\u00f3venes han tenido en gran parte de los municipios de las ocho regiones de Oaxaca.<\/p>\n\n\n\n<p>Con 3778 personas impactadas tan solo en esta generaci\u00f3n debido a las 16 promesas cumplidas, en donde se ha intervenido para apoyar en tem\u00e1ticas sociales como: violencia de g\u00e9nero, medio ambiente, reconocimiento a la comunidad LGBTTTIQ+, inclusi\u00f3n de personas con discapacidad, protecci\u00f3n a pueblos originarios, formaci\u00f3n en la infancia, ciberbullying, sustentabilidad, protecci\u00f3n de los derechos de los animales, educaci\u00f3n sobre salud mental, etc.&nbsp;<\/p>\n\n\n\n<p>De igual forma, los socios fundadores Carlos Vel\u00e1squez Chagoya y Ram\u00f3n Vel\u00e1squez Chagoya, expresaron su profunda satisfacci\u00f3n por este proyecto que anualmente crece, con juventudes m\u00e1s entusiastas y con nuevos objetivos que siguen alcanzando a beneficiar a m\u00e1s personas, creando una esp\u00edritu de colaboraci\u00f3n entre la sociedad civil y gobierno.&nbsp;<\/p>\n\n\n\n<p>De esta manera la Fundaci\u00f3n 100xOaxaca cumple con su cometido mediante la construcci\u00f3n de agentes de cambio que inciden directamente, a trav\u00e9s de la gesti\u00f3n y creaci\u00f3n de proyectos, en el panorama social de nuestro estado y que, a partir del 15 de enero del 2023, recibir\u00e1 a la pr\u00f3xima generaci\u00f3n de promitentes.<\/p>\n","protected":false},"excerpt":{"rendered":"<p>Redacci\u00f3n\/Zona Roja. Oaxaca de Ju\u00e1rez Oax., a 29 de octubre de 2022.- La Fundaci\u00f3n 100xOaxaca&hellip;<\/p>\n","protected":false},"author":2,"featured_media":47427,"comment_status":"closed","ping_status":"open","sticky":false,"template":"","format":"standard","meta":{"_lmt_disableupdate":"","_lmt_disable":"","_jetpack_memberships_contains_paid_content":false,"footnotes":""},"categories":[109,46],"tags":[2972],"class_list":["post-47426","post","type-post","status-publish","format-standard","has-post-thumbnail","hentry","category-minuto-a-minuto","category-zona-blanca","tag-fundacion-100xoaxaca"],"jetpack_featured_media_url":"https:\/\/zonaroja.com.mx\/wp-content\/uploads\/2022\/10\/Fundacion-100-por-Oaxaca.jpg","jetpack_sharing_enabled":true,"_links":{"self":[{"href":"https:\/\/zonaroja.com.mx\/index.php?rest_route=\/wp\/v2\/posts\/47426","targetHints":{"allow":["GET"]}}],"collection":[{"href":"https:\/\/zonaroja.com.mx\/index.php?rest_route=\/wp\/v2\/posts"}],"about":[{"href":"https:\/\/zonaroja.com.mx\/index.php?rest_route=\/wp\/v2\/types\/post"}],"author":[{"embeddable":true,"href":"https:\/\/zonaroja.com.mx\/index.php?rest_route=\/wp\/v2\/users\/2"}],"replies":[{"embeddable":true,"href":"https:\/\/zonaroja.com.mx\/index.php?rest_route=%2Fwp%2Fv2%2Fcomments&post=47426"}],"version-history":[{"count":1,"href":"https:\/\/zonaroja.com.mx\/index.php?rest_route=\/wp\/v2\/posts\/47426\/revisions"}],"predecessor-version":[{"id":47428,"href":"https:\/\/zonaroja.com.mx\/index.php?rest_route=\/wp\/v2\/posts\/47426\/revisions\/47428"}],"wp:featuredmedia":[{"embeddable":true,"href":"https:\/\/zonaroja.com.mx\/index.php?rest_route=\/wp\/v2\/media\/47427"}],"wp:attachment":[{"href":"https:\/\/zonaroja.com.mx\/index.php?rest_route=%2Fwp%2Fv2%2Fmedia&parent=47426"}],"wp:term":[{"taxonomy":"category","embeddable":true,"href":"https:\/\/zonaroja.com.mx\/index.php?rest_route=%2Fwp%2Fv2%2Fcategories&post=47426"},{"taxonomy":"post_tag","embeddable":true,"href":"https:\/\/zonaroja.com.mx\/index.php?rest_route=%2Fwp%2Fv2%2Ftags&post=47426"}],"curies":[{"name":"wp","href":"https:\/\/api.w.org\/{rel}","templated":true}]}}