{"id":47429,"date":"2022-10-29T10:17:36","date_gmt":"2022-10-29T15:17:36","guid":{"rendered":"http:\/\/www.zonaroja.com.mx\/?p=47429"},"modified":"2022-10-29T18:41:52","modified_gmt":"2022-10-29T23:41:52","slug":"confirman-que-municipio-capitalino-llevo-basura-a-tejupam-de-la-union","status":"publish","type":"post","link":"https:\/\/zonaroja.com.mx\/?p=47429","title":{"rendered":"Minti\u00f3 Neri: confirman que municipio capitalino llev\u00f3 basura a Tej\u00fapam"},"content":{"rendered":"\n<p>Ismael Garc\u00eda M.\/Zona Roja.<\/p>\n\n\n\n<p>Oaxaca de Ju\u00e1rez, Oax., a 29 de octubre de 2022.- La basura que fue llevada la semana pasada al municipio de Tej\u00fapam de la Uni\u00f3n s\u00ed era de la ciudad de Oaxaca.<\/p>\n\n\n\n<p>As\u00ed lo confirm\u00f3 la presidenta municipal, Wilhelmy Carrizoza, surgida del Partido Morena, durante una conversaci\u00f3n con vecinos, que fue grabada, e incluso involucra al gobernador electo.<\/p>\n\n\n\n<p>Adem\u00e1s, fue identificada la unidad de motor que llev\u00f3 los desechos, que cuenta con las placas RX-89-965, a nombre de la empresa Renmueblex S. de R. L. de C. V.<\/p>\n\n\n\n<p>\u201cTodo el tiempo hemos buscado c\u00f3mo ayudar a las secciones, de qu\u00e9 manera, porque el dinero definitivamente no es suficiente.<\/p>\n\n\n\n<p>\u201cBendito Dios cay\u00f3 este proyectito y la verdad pues, la verdad, la verdad, el gobernador (Salom\u00f3n Jara) nos dijo si se puede, no nada m\u00e1s a m\u00ed, sino a otros municipios, que quieran entrar a este proyecto.<\/p>\n\n\n\n<p>\u201cEl proyecto apenas va a comenzar y es un proyecto bueno, porque ahorita viene la basura pero ya no viene el PET, el pl\u00e1stico, el cart\u00f3n\u2026 se pretende que se haga la separaci\u00f3n desde all\u00e1 (la capital)\u2026<\/p>\n\n\n\n<p>\u201cNosotros tener un terreno listo para ya hacer una compost y esa compost se vende\u2026 al final del camino lo que ellos nos apoyen pues yo creo no nos cae mal, \u00bfno?.<\/p>\n\n\n\n<p>\u201cEsto fue muy r\u00e1pido pero es as\u00ed, nosotros no nos podemos negar por qu\u00e9 raz\u00f3n, porque es un nuevo gobierno, porque el d\u00eda de ma\u00f1ana el proyecto lo implementamos y vamos a pedirle un favor, qu\u00e9 nos va a decir\u201d.. detall\u00f3 la presidenta municipal.<\/p>\n\n\n\n<p>Fue hace ocho d\u00edas en que vecinos de la localidad se inconformaron debido a que camiones de basura procedentes de la capital fueron llevados a ese municipio.<\/p>\n\n\n\n<p>La alcaldesa lleg\u00f3 al lugar para dialogar con los habitantes de la zona, tras lo cual se suspendi\u00f3 dicha actividad. El ayuntamiento de Oaxaca de Ju\u00e1rez a su vez neg\u00f3 que haya enviado basura a ese municipio, pese a videos y fotograf\u00edas difundidas.<\/p>\n","protected":false},"excerpt":{"rendered":"<p>Ismael Garc\u00eda M.\/Zona Roja. Oaxaca de Ju\u00e1rez, Oax., a 29 de octubre de 2022.- La&hellip;<\/p>\n","protected":false},"author":2,"featured_media":47430,"comment_status":"closed","ping_status":"open","sticky":false,"template":"","format":"standard","meta":{"_lmt_disableupdate":"","_lmt_disable":"","_jetpack_memberships_contains_paid_content":false,"footnotes":""},"categories":[109,47],"tags":[3295],"class_list":["post-47429","post","type-post","status-publish","format-standard","has-post-thumbnail","hentry","category-minuto-a-minuto","category-zona-gris","tag-villa-tejupam-de-la-union"],"jetpack_featured_media_url":"https:\/\/zonaroja.com.mx\/wp-content\/uploads\/2022\/10\/Basurero-Tejumpam-de-la-Union.jpeg","jetpack_sharing_enabled":true,"_links":{"self":[{"href":"https:\/\/zonaroja.com.mx\/index.php?rest_route=\/wp\/v2\/posts\/47429","targetHints":{"allow":["GET"]}}],"collection":[{"href":"https:\/\/zonaroja.com.mx\/index.php?rest_route=\/wp\/v2\/posts"}],"about":[{"href":"https:\/\/zonaroja.com.mx\/index.php?rest_route=\/wp\/v2\/types\/post"}],"author":[{"embeddable":true,"href":"https:\/\/zonaroja.com.mx\/index.php?rest_route=\/wp\/v2\/users\/2"}],"replies":[{"embeddable":true,"href":"https:\/\/zonaroja.com.mx\/index.php?rest_route=%2Fwp%2Fv2%2Fcomments&post=47429"}],"version-history":[{"count":5,"href":"https:\/\/zonaroja.com.mx\/index.php?rest_route=\/wp\/v2\/posts\/47429\/revisions"}],"predecessor-version":[{"id":47441,"href":"https:\/\/zonaroja.com.mx\/index.php?rest_route=\/wp\/v2\/posts\/47429\/revisions\/47441"}],"wp:featuredmedia":[{"embeddable":true,"href":"https:\/\/zonaroja.com.mx\/index.php?rest_route=\/wp\/v2\/media\/47430"}],"wp:attachment":[{"href":"https:\/\/zonaroja.com.mx\/index.php?rest_route=%2Fwp%2Fv2%2Fmedia&parent=47429"}],"wp:term":[{"taxonomy":"category","embeddable":true,"href":"https:\/\/zonaroja.com.mx\/index.php?rest_route=%2Fwp%2Fv2%2Fcategories&post=47429"},{"taxonomy":"post_tag","embeddable":true,"href":"https:\/\/zonaroja.com.mx\/index.php?rest_route=%2Fwp%2Fv2%2Ftags&post=47429"}],"curies":[{"name":"wp","href":"https:\/\/api.w.org\/{rel}","templated":true}]}}