{"id":47445,"date":"2022-10-29T19:59:56","date_gmt":"2022-10-30T00:59:56","guid":{"rendered":"http:\/\/www.zonaroja.com.mx\/?p=47445"},"modified":"2022-10-29T19:59:57","modified_gmt":"2022-10-30T00:59:57","slug":"omisa-seguridad-publica-municipal-en-caso-de-uniformado-desaparecido-acusan","status":"publish","type":"post","link":"https:\/\/zonaroja.com.mx\/?p=47445","title":{"rendered":"Omisa, Seguridad P\u00fablica municipal en caso de uniformado desaparecido, acusan"},"content":{"rendered":"\n<p>Yuridiana Sosa\/Zona Roja.<\/p>\n\n\n\n<p>Oaxaca de Ju\u00e1rez, Oax., 28 de octubre de 2022.- Por 12 a\u00f1os, Edi Noel P\u00e9rez Hern\u00e1ndez ha brindado su servicio como Polic\u00eda Municipal de Oaxaca de Ju\u00e1rez, pero desde hace 20 d\u00edas que desapareci\u00f3 la autoridad a cargo de Francisco Mart\u00ednez Neri ha sido omisa en ofrecer ayuda la familia para su localizaci\u00f3n.<\/p>\n\n\n\n<p>Desesperada al no saber del paradero de su hijo, en entrevista telef\u00f3nica para el noticiero de radio&nbsp; ORO con Humberto Cruz, la se\u00f1ora Adela suplic\u00f3 a las autoridades municipales y estatales den una intervenci\u00f3n eficaz para dar con el paradero del padre de familia, de 34 a\u00f1os de edad.<\/p>\n\n\n\n<p>El caso de Edi Noel fue dado a conocer por la Unidad de B\u00fasqueda de Personas Desaparecidas y No Localizadas por medio de ficha de b\u00fasqueda publicada en redes sociales, para pedir a la poblaci\u00f3n ayuda para localizarlo.<\/p>\n\n\n\n<p>Pero m\u00e1s all\u00e1 eso, no existen avances, la carpeta de la denuncia para el inicio de una investigaci\u00f3n solo pasa de mano en mano, se\u00f1al\u00f3 la madre y ninguna autoridad, ni municipal, ni estatal se comunica.<\/p>\n\n\n\n<p>El secretario de Seguridad P\u00fablica municipal, Ra\u00fal \u00c1vila Ibarra, se ha mostrado indiferente tambi\u00e9n en el caso, pues al no ser de Oaxaca, no se preocupa por la situaci\u00f3n de sus elementos.<\/p>\n\n\n\n<p>El polic\u00eda de la capital desapareci\u00f3 el pasado 8 de octubre, visto por \u00faltima vez en la agencia de San Jacinto Chilateca, del municipio de Ocotl\u00e1n de Morelos, donde adem\u00e1s ten\u00eda un cargo p\u00fablico como secretario del agente. &nbsp;<\/p>\n\n\n\n<p>Nadie se ha reportado con la familia de P\u00e9rez Hern\u00e1ndez ,ni una llamada ni, ni un mensaje, ni con su madre ni con su esposa con quien tuvo dos hijos, a\u00fan menores de edad, por lo que al tener una familia tampoco tendr\u00eda motivos para desaparecer por voluntad propia, de un d\u00eda a otro.<\/p>\n\n\n\n<p>Edi Noel ha fungido como polic\u00eda desde el centro de videovigilancia C2, de la capital, y no como operativo, por lo que su familia cree que no tendr\u00eda enemigos. Sin embargo, la madre reconoce que el polic\u00eda es reservado en los asuntos del trabajo.<\/p>\n\n\n\n<p>\u201cLo \u00fanico que quiero es que me lo entreguen, que me lo regresen. No tenemos ni una pista, nada\u201d, suplica y reclama la madre entre el llanto desesperado al no saber sobre el paradero su hijo.<\/p>\n\n\n\n<p>En ese sentimiento, la mujer se dirigi\u00f3 al gobernador Alejandro Murat y al edil de Oaxaca, Francisco Mart\u00ednez Neri, a quienes les pidi\u00f3 su intervenci\u00f3n para que le regresen a su hijo.<\/p>\n","protected":false},"excerpt":{"rendered":"<p>Yuridiana Sosa\/Zona Roja. Oaxaca de Ju\u00e1rez, Oax., 28 de octubre de 2022.- Por 12 a\u00f1os,&hellip;<\/p>\n","protected":false},"author":2,"featured_media":47446,"comment_status":"closed","ping_status":"open","sticky":false,"template":"","format":"standard","meta":{"_lmt_disableupdate":"","_lmt_disable":"","_jetpack_memberships_contains_paid_content":false,"footnotes":""},"categories":[109,47],"tags":[3297,148],"class_list":["post-47445","post","type-post","status-publish","format-standard","has-post-thumbnail","hentry","category-minuto-a-minuto","category-zona-gris","tag-edi-noel-perez-hernandez","tag-oaxaca-de-juarez"],"jetpack_featured_media_url":"https:\/\/zonaroja.com.mx\/wp-content\/uploads\/2022\/10\/Edi-Noel-Perez-Hernandez.jpg","jetpack_sharing_enabled":true,"_links":{"self":[{"href":"https:\/\/zonaroja.com.mx\/index.php?rest_route=\/wp\/v2\/posts\/47445","targetHints":{"allow":["GET"]}}],"collection":[{"href":"https:\/\/zonaroja.com.mx\/index.php?rest_route=\/wp\/v2\/posts"}],"about":[{"href":"https:\/\/zonaroja.com.mx\/index.php?rest_route=\/wp\/v2\/types\/post"}],"author":[{"embeddable":true,"href":"https:\/\/zonaroja.com.mx\/index.php?rest_route=\/wp\/v2\/users\/2"}],"replies":[{"embeddable":true,"href":"https:\/\/zonaroja.com.mx\/index.php?rest_route=%2Fwp%2Fv2%2Fcomments&post=47445"}],"version-history":[{"count":1,"href":"https:\/\/zonaroja.com.mx\/index.php?rest_route=\/wp\/v2\/posts\/47445\/revisions"}],"predecessor-version":[{"id":47447,"href":"https:\/\/zonaroja.com.mx\/index.php?rest_route=\/wp\/v2\/posts\/47445\/revisions\/47447"}],"wp:featuredmedia":[{"embeddable":true,"href":"https:\/\/zonaroja.com.mx\/index.php?rest_route=\/wp\/v2\/media\/47446"}],"wp:attachment":[{"href":"https:\/\/zonaroja.com.mx\/index.php?rest_route=%2Fwp%2Fv2%2Fmedia&parent=47445"}],"wp:term":[{"taxonomy":"category","embeddable":true,"href":"https:\/\/zonaroja.com.mx\/index.php?rest_route=%2Fwp%2Fv2%2Fcategories&post=47445"},{"taxonomy":"post_tag","embeddable":true,"href":"https:\/\/zonaroja.com.mx\/index.php?rest_route=%2Fwp%2Fv2%2Ftags&post=47445"}],"curies":[{"name":"wp","href":"https:\/\/api.w.org\/{rel}","templated":true}]}}