{"id":47448,"date":"2022-10-29T20:55:39","date_gmt":"2022-10-30T01:55:39","guid":{"rendered":"http:\/\/www.zonaroja.com.mx\/?p=47448"},"modified":"2022-10-29T20:55:50","modified_gmt":"2022-10-30T01:55:50","slug":"hallan-un-cadaver-en-miahuatlan-y-otro-en-tonameca","status":"publish","type":"post","link":"https:\/\/zonaroja.com.mx\/?p=47448","title":{"rendered":"Hallan un cad\u00e1ver en Miahuatl\u00e1n y otro en Tonameca"},"content":{"rendered":"\n<p>Redacci\u00f3n\/Zona Roja.<\/p>\n\n\n\n<p>Oaxaca de Ju\u00e1rez, Oax., a 29 de octubre de 2022.- El cuerpo sin vida de una persona fue hallada en inmediaciones de Miahuatl\u00e1n de Porfirio D\u00edaz, la ma\u00f1ana de este s\u00e1bado.<\/p>\n\n\n\n<p>Fue en la carretera que conduce a San Luis Amatl\u00e1n, a la altura del paraje \u201cRompecapa\u201d, en que se localiz\u00f3 el cad\u00e1ver y hasta el momento no se ha definido la forma en que falleci\u00f3.<\/p>\n\n\n\n<p>Es de aproximadamente 40 a\u00f1os de edad y tampoco cuenta con alguna identificaci\u00f3n, por lo que se encuentra en calidad de desaparecido y fue trasladado al descanso municipal.<\/p>\n\n\n\n<p>Por otra parte, otro cuerpo sin vida fue localizado en el paraje \u201cLa Danta\u201d, cerca de la la localidad El Zapotal, del municipio de Santa Mar\u00eda Tonameca.<\/p>\n\n\n\n<p>Hasta el momento tampoco ha sido identificado pues se halla en estado de descomposici\u00f3n.<\/p>\n\n\n\n<p>De manera preliminar se inform\u00f3 que podr\u00eda tratarse de Jos\u00e9 Antonio Hern\u00e1ndez Rodr\u00edguez, de 29 a\u00f1os de edad, reportado como desaparecido el pasado 26 de octubre en Mazunte.<\/p>\n","protected":false},"excerpt":{"rendered":"<p>Redacci\u00f3n\/Zona Roja. Oaxaca de Ju\u00e1rez, Oax., a 29 de octubre de 2022.- El cuerpo sin&hellip;<\/p>\n","protected":false},"author":2,"featured_media":40047,"comment_status":"closed","ping_status":"open","sticky":false,"template":"","format":"standard","meta":{"_lmt_disableupdate":"","_lmt_disable":"","_jetpack_memberships_contains_paid_content":false,"footnotes":""},"categories":[109,47],"tags":[3149],"class_list":["post-47448","post","type-post","status-publish","format-standard","has-post-thumbnail","hentry","category-minuto-a-minuto","category-zona-gris","tag-miahutlan-de-porfirio-diaz"],"jetpack_featured_media_url":"https:\/\/zonaroja.com.mx\/wp-content\/uploads\/2022\/04\/Asesinato-crimen-violencia-escena-patrulla.jpg","jetpack_sharing_enabled":true,"_links":{"self":[{"href":"https:\/\/zonaroja.com.mx\/index.php?rest_route=\/wp\/v2\/posts\/47448","targetHints":{"allow":["GET"]}}],"collection":[{"href":"https:\/\/zonaroja.com.mx\/index.php?rest_route=\/wp\/v2\/posts"}],"about":[{"href":"https:\/\/zonaroja.com.mx\/index.php?rest_route=\/wp\/v2\/types\/post"}],"author":[{"embeddable":true,"href":"https:\/\/zonaroja.com.mx\/index.php?rest_route=\/wp\/v2\/users\/2"}],"replies":[{"embeddable":true,"href":"https:\/\/zonaroja.com.mx\/index.php?rest_route=%2Fwp%2Fv2%2Fcomments&post=47448"}],"version-history":[{"count":1,"href":"https:\/\/zonaroja.com.mx\/index.php?rest_route=\/wp\/v2\/posts\/47448\/revisions"}],"predecessor-version":[{"id":47449,"href":"https:\/\/zonaroja.com.mx\/index.php?rest_route=\/wp\/v2\/posts\/47448\/revisions\/47449"}],"wp:featuredmedia":[{"embeddable":true,"href":"https:\/\/zonaroja.com.mx\/index.php?rest_route=\/wp\/v2\/media\/40047"}],"wp:attachment":[{"href":"https:\/\/zonaroja.com.mx\/index.php?rest_route=%2Fwp%2Fv2%2Fmedia&parent=47448"}],"wp:term":[{"taxonomy":"category","embeddable":true,"href":"https:\/\/zonaroja.com.mx\/index.php?rest_route=%2Fwp%2Fv2%2Fcategories&post=47448"},{"taxonomy":"post_tag","embeddable":true,"href":"https:\/\/zonaroja.com.mx\/index.php?rest_route=%2Fwp%2Fv2%2Ftags&post=47448"}],"curies":[{"name":"wp","href":"https:\/\/api.w.org\/{rel}","templated":true}]}}