{"id":4745,"date":"2019-10-11T22:22:24","date_gmt":"2019-10-12T03:22:24","guid":{"rendered":"http:\/\/www.zonaroja.com.mx\/?p=4745"},"modified":"2019-10-11T22:23:48","modified_gmt":"2019-10-12T03:23:48","slug":"el-pueblo-tiene-todo-el-derecho-legitimo-de-defender-lo-que-es-suyo-codedi","status":"publish","type":"post","link":"https:\/\/zonaroja.com.mx\/?p=4745","title":{"rendered":"\u201cEl pueblo tiene todo el derecho leg\u00edtimo de defender lo que es suyo\u201d: Codedi"},"content":{"rendered":"\n<p>Ismael Garc\u00eda M.<\/p>\n\n\n\n<p>Oaxaca de Ju\u00e1rez, Oax., 11 de octubre\nde 2019.- El dirigente del Comit\u00e9 de Defensa de Derechos Ind\u00edgenas (Codedi),\nAbraham Ram\u00edrez V\u00e1squez, asegur\u00f3 que, desde su nacimiento en 1998, la\norganizaci\u00f3n ha sido criminalizada, perseguida y atacada, por defender a las\ncomunidades aut\u00f3ctonas.<\/p>\n\n\n\n<p>\u201cEl Estado, desde gobiernos anteriores,\nha buscado mil maneras para controlar a las comunidades ind\u00edgenas, dividir\nnuestros pueblos, destruir el tejido social, saquear nuestro territorio; por\neso apoyan a gente que no tienen nada que ver con nuestros pueblos, sin ser\npersonas natos, sin ser personas que hayan cumplido con su servicio como debe\nser.<\/p>\n\n\n\n<p>\u201cEn los pueblos ind\u00edgenas para ser presidente\n(municipal) debe ser una persona honorable, que haya dedicado toda su vida al\nservicio a su pueblo, pero cuando son personas extra\u00f1as que no han servido, que\ns\u00f3lo buscan acaparar dinero, aprovecharse, es cuando el pueblo reacciona de esa\nmanera, se organiza, y tiene todo el derecho leg\u00edtimo de defender lo que es\nsuyo\u201d.<\/p>\n\n\n\n<p>As\u00ed defini\u00f3 Ram\u00edrez V\u00e1squez en un video de m\u00e1s de nueve minutos el contexto electoral por el r\u00e9gimen de usos y costumbres, denominado ahora Sistemas Normativos Internos, por el cual el pasado domingo 6 de octubre se efectuar\u00eda el registro de candidatos, lo que deriv\u00f3 en hechos violentas con saldo de una persona asesinada, tres desaparecidas &#8211;posteriormente localizadas con vida&#8211; y cuatro lesionadas.<\/p>\n\n\n\n<figure class=\"wp-block-embed-youtube wp-block-embed is-type-video is-provider-youtube wp-embed-aspect-16-9 wp-has-aspect-ratio\"><div class=\"wp-block-embed__wrapper\">\n<iframe title=\"EL CODEDI LANZA SU COMUNICADO Explicando la verdad, 10 de octubre 2019\" width=\"1170\" height=\"658\" src=\"https:\/\/www.youtube.com\/embed\/Z28EbcTtbqk?feature=oembed\" frameborder=\"0\" allow=\"accelerometer; autoplay; encrypted-media; gyroscope; picture-in-picture\" allowfullscreen><\/iframe>\n<\/div><\/figure>\n\n\n\n<p>En defensa de la Codedi, el dirigente\nargument\u00f3 respecto de los hechos:<\/p>\n\n\n\n<p>El 6 de octubre, aproximadamente a las\nseis de la tarde fue atacada en el tramo Copalita-Xanica una camioneta que el\npueblo le decomis\u00f3 al s\u00edndico municipal 15 d\u00edas antes, que result\u00f3 ser donde\nviajaba un elemento de la Agencia Estatal de Investigaciones, que\nposteriormente fue golpeado, torturado y asesinado.<\/p>\n\n\n\n<p>\u201cSeis horas despu\u00e9s se decomisaron\narmas de agentes que escoltaban a Hermenegildo Mart\u00ednez y a A\u00edda Hern\u00e1ndez\n(aspirantes a edil); les vamos a demostrar de manera f\u00edsica los armamentos que\nles fueron decomisados, as\u00ed como droga que portaban los atacantes, que por sus\ncaracter\u00edsticas puede ser cristal, logramos conservar dos para prueba, que estas\npersonas ven\u00edan drogadas antes de hacer su ataque\u201d.<\/p>\n\n\n\n<p>Ram\u00edrez V\u00e1squez apunt\u00f3 que desde 1998\nen que se constituyeron como organizaci\u00f3n social, fueron acusados de pertenecer\nal Ej\u00e9rcito Popular Revolucionario, \u201clo cual es mentira\u201d.<\/p>\n\n\n\n<p>En 2005, fueron sitiados y atacados por\nla Polic\u00eda Estatal y agentes ministeriales, \u201cdonde resultamos tres heridos, yo\nAbraham, Noel Garc\u00eda Cruz y Juventino Garc\u00eda Cruz; nos trasladaron a c\u00e1rcel de\nPochutla donde estuvimos seis a\u00f1os acusados de delitos de secuestro, lesiones y\nhomicidios, en el cual en ninguna de ella participamos\u201d.<\/p>\n\n\n\n<p>En 2006, durante la revuelta\nmagisterial y popular, dijo que varios de sus compa\u00f1eros fueron torturados y\ndesaparecidos por corporaciones policiacas.<\/p>\n\n\n\n<p>El 28 de noviembre de 2016, durante\ncaravana que parti\u00f3 de Huatulco a la ciudad de Oaxaca, representando a m\u00e1s de\n40 comunidades, fueron atacados en Barranca Larga, Ejutla, por polic\u00edas\nestatales y ministeriales.<\/p>\n\n\n\n<p>El 12 de febrero de 2018, fueron emboscados\nen Cerro Metate, Miahuatl\u00e1n, \u201cpor agentes del estado con armas de alto poder\u201d, donde\nmurieron tres personas, dos de ellas menores de edad, Ignacio Ventura, Luis \u00c1ngel\nMart\u00ednez y Alejandro D\u00edaz Cruz.<\/p>\n\n\n\n<p>El 17 de julio de 2018, levantaron y\nasesinaron a Abraham Hern\u00e1ndez Gonz\u00e1lez, cerca de su domicilio. \u201cEn la Fiscal\u00eda\nguardan el expediente con nombre y foto de uno de los polic\u00edas estatales que\nparticiparon\u201d.<\/p>\n\n\n\n<p>El 25 de octubre de 2018 torturado y\nasesinado Noel Castillo Aguilar presuntamente por el crimen organizado, en\nBarra de la Cruz. El 22 de septiembre de 2019, fue atacado el domicilio de\nC\u00e9sar Luis D\u00edaz \u201ccon armas de alto poder\u201d, en donde participaron m\u00e1s de 10\nsicarios\u201d.<\/p>\n\n\n\n<p>\u201cLas razones fundamentales de las\ncomunidades de Codedi por las que hemos sufrido es porque decidimos organizarnos\npara defender nuestra cultura, nuestro territorio\u201d, remarc\u00f3.<\/p>\n\n\n\n<p>Pidi\u00f3 a los medios de comunicaci\u00f3n hacer\nuna labor profesional y no estigmatizar a la organizaci\u00f3n social. Al Gobierno\ndel Estado llam\u00f2 a no involucrarlos con grupos armados.<\/p>\n\n\n\n<p>Lament\u00f3 que los ataques y asesinatos de\nsus militantes permanezcan en la impunidad.<\/p>\n","protected":false},"excerpt":{"rendered":"<p>Ismael Garc\u00eda M. Oaxaca de Ju\u00e1rez, Oax., 11 de octubre de 2019.- El dirigente del&hellip;<\/p>\n","protected":false},"author":2,"featured_media":4746,"comment_status":"closed","ping_status":"open","sticky":false,"template":"","format":"standard","meta":{"_lmt_disableupdate":"","_lmt_disable":"","_jetpack_memberships_contains_paid_content":false,"footnotes":""},"categories":[109,51],"tags":[832,628],"class_list":["post-4745","post","type-post","status-publish","format-standard","has-post-thumbnail","hentry","category-minuto-a-minuto","category-zona-roja","tag-comite-de-defensa-de-derechos-indigenas-codedi","tag-santiago-xanica"],"jetpack_featured_media_url":"https:\/\/zonaroja.com.mx\/wp-content\/uploads\/2019\/10\/Abraham-Ram\u00edrez-V\u00e1squez-2.png","jetpack_sharing_enabled":true,"_links":{"self":[{"href":"https:\/\/zonaroja.com.mx\/index.php?rest_route=\/wp\/v2\/posts\/4745","targetHints":{"allow":["GET"]}}],"collection":[{"href":"https:\/\/zonaroja.com.mx\/index.php?rest_route=\/wp\/v2\/posts"}],"about":[{"href":"https:\/\/zonaroja.com.mx\/index.php?rest_route=\/wp\/v2\/types\/post"}],"author":[{"embeddable":true,"href":"https:\/\/zonaroja.com.mx\/index.php?rest_route=\/wp\/v2\/users\/2"}],"replies":[{"embeddable":true,"href":"https:\/\/zonaroja.com.mx\/index.php?rest_route=%2Fwp%2Fv2%2Fcomments&post=4745"}],"version-history":[{"count":2,"href":"https:\/\/zonaroja.com.mx\/index.php?rest_route=\/wp\/v2\/posts\/4745\/revisions"}],"predecessor-version":[{"id":4748,"href":"https:\/\/zonaroja.com.mx\/index.php?rest_route=\/wp\/v2\/posts\/4745\/revisions\/4748"}],"wp:featuredmedia":[{"embeddable":true,"href":"https:\/\/zonaroja.com.mx\/index.php?rest_route=\/wp\/v2\/media\/4746"}],"wp:attachment":[{"href":"https:\/\/zonaroja.com.mx\/index.php?rest_route=%2Fwp%2Fv2%2Fmedia&parent=4745"}],"wp:term":[{"taxonomy":"category","embeddable":true,"href":"https:\/\/zonaroja.com.mx\/index.php?rest_route=%2Fwp%2Fv2%2Fcategories&post=4745"},{"taxonomy":"post_tag","embeddable":true,"href":"https:\/\/zonaroja.com.mx\/index.php?rest_route=%2Fwp%2Fv2%2Ftags&post=4745"}],"curies":[{"name":"wp","href":"https:\/\/api.w.org\/{rel}","templated":true}]}}