{"id":47450,"date":"2022-10-30T10:57:00","date_gmt":"2022-10-30T16:57:00","guid":{"rendered":"http:\/\/www.zonaroja.com.mx\/?p=47450"},"modified":"2022-10-30T06:25:38","modified_gmt":"2022-10-30T12:25:38","slug":"octubre-el-mas-violento-para-la-capital-van-al-menos-42-homicidios-en-2022","status":"publish","type":"post","link":"https:\/\/zonaroja.com.mx\/?p=47450","title":{"rendered":"Octubre el m\u00e1s violento para la capital; van al menos 42 homicidios en 2022"},"content":{"rendered":"\n<p>Yuridiana Sosa\/Zona Roja.<\/p>\n\n\n\n<p>Oaxaca de Ju\u00e1rez, Oax., 30 de octubre de 2022.- La capital de Oaxaca termina uno de los meses m\u00e1s violentos del 2022, con la suma de al menos seis homicidios cometidos en su mayor\u00eda por disparo de arma de fuego y en la v\u00eda p\u00fablica.<\/p>\n\n\n\n<p>Durante los primeros 10 meses del gobierno municipal, el titular de Seguridad P\u00fablica, Ra\u00fal \u00c1vila Ibarra, ha demostrado su incapacidad para frenar la ola de delitos, que incluyen tambi\u00e9n asaltos en v\u00eda p\u00fablica y robo a comercios; su justificaci\u00f3n ha sido que los elementos ya son viejos y no cuentan con armamento suficiente. <\/p>\n\n\n\n<p>Desde abril, el municipio de Oaxaca de Ju\u00e1rez, gobernado por Morena con Francisco Mart\u00ednez Neri a la cabeza, no se registraban altas cifras por asesinatos, cuando ocurrieron cinco hechos, de acuerdo a datos del Secretariado Ejecutivo del Sistema de Seguridad P\u00fablica.<\/p>\n\n\n\n<p>Cifras oficiales indican que entre enero y septiembre de este a\u00f1o suman 36 homicidios dolosos, de los que 23 se cometieron con el uso de arma de fuego, cinco con arma blanca y ocho con otro elemento.&nbsp; A estos se le suman dos feminicidios, uno en enero y otro en junio.<\/p>\n\n\n\n<p>Octubre rompi\u00f3 la baja de asesinatos que se hab\u00edan registrado en el \u00faltimo mes. Los datos indican que en enero fueron dos homicidios; febrero, uno; marzo, tres; abril, cinco; mayo, tres; junio, uno; julio, tres; agosto, cuatro; septiembre, uno.<\/p>\n\n\n\n<p>FAT\u00cdDICO MES<\/p>\n\n\n\n<p>El hecho m\u00e1s reciente se registr\u00f3 la noche del pasado 26 de octubre, en la calle Bugambilias de la colonia Jard\u00edn, al norte de la capital, cuando hombres armados atacaron al dirigente de la Uni\u00f3n de Mototaxis Dolores y Colonias Circunvecinas A. C, Federico Diego Sol\u00eds. Otra personas result\u00f3 lesionada.<\/p>\n\n\n\n<p>D\u00edas antes, la madrugada del 16 de octubre calle 16 de Septiembre, en la colindancia con Santa Luc\u00eda del Camino, cerca de las oficinas de la Polic\u00eda Vial Estatal, cuando el hombre que viajaba en motocicleta fue atacado por otros que viajaban en mismo tipo de veh\u00edculo. As\u00ed tambi\u00e9n, el 15 de octubre en la agencia de San Mart\u00edn Mexicapam &nbsp;ocurri\u00f3 uno m\u00e1s,<\/p>\n\n\n\n<p>Sin embargo, fue a inicios del d\u00e9cimo mes que se registr\u00f3 la racha m\u00e1s violenta en menos de 24 horas.<\/p>\n\n\n\n<p>Dos hombres fueron asesinados por ataque armado en la v\u00eda p\u00fablica la noche del dos de octubre en calles de la colonia Reforma, hace algunos a\u00f1os de las zonas con mayor seguridad y tranquilidad para las familias capitalinas. Los cuerpos de las v\u00edctimas se localizaron dentro de un veh\u00edculo.<\/p>\n\n\n\n<p>Mientras que la tarde del 3 de octubre, la empresaria transportista Mar\u00eda del Carmen Gallegos Candiani tambi\u00e9n fue asesinada por un ataque con arma de fuego cuando circulaba en su veh\u00edculo en la Carretera Internacional 190, en jurisdicci\u00f3n de la agencia de Santa Rosa Panzacola de Oaxaca de Ju\u00e1rez.<\/p>\n\n\n\n<p>Por este hecho la Fiscal\u00eda General del Estado de Oaxaca (FGEO) inform\u00f3 que inici\u00f3 la carpeta de investigaci\u00f3n 34176\/FMUJ\/UFEM\/2022, por el delito de homicidio calificado en agravio.<\/p>\n","protected":false},"excerpt":{"rendered":"<p>Yuridiana Sosa\/Zona Roja. Oaxaca de Ju\u00e1rez, Oax., 30 de octubre de 2022.- La capital de&hellip;<\/p>\n","protected":false},"author":2,"featured_media":42128,"comment_status":"closed","ping_status":"open","sticky":false,"template":"","format":"standard","meta":{"_lmt_disableupdate":"","_lmt_disable":"","_jetpack_memberships_contains_paid_content":false,"footnotes":""},"categories":[109,47],"tags":[148],"class_list":["post-47450","post","type-post","status-publish","format-standard","has-post-thumbnail","hentry","category-minuto-a-minuto","category-zona-gris","tag-oaxaca-de-juarez"],"jetpack_featured_media_url":"https:\/\/zonaroja.com.mx\/wp-content\/uploads\/2022\/06\/Asesinato-colonia-Reforma-ciudad-de-Oaxaca.jpeg","jetpack_sharing_enabled":true,"_links":{"self":[{"href":"https:\/\/zonaroja.com.mx\/index.php?rest_route=\/wp\/v2\/posts\/47450","targetHints":{"allow":["GET"]}}],"collection":[{"href":"https:\/\/zonaroja.com.mx\/index.php?rest_route=\/wp\/v2\/posts"}],"about":[{"href":"https:\/\/zonaroja.com.mx\/index.php?rest_route=\/wp\/v2\/types\/post"}],"author":[{"embeddable":true,"href":"https:\/\/zonaroja.com.mx\/index.php?rest_route=\/wp\/v2\/users\/2"}],"replies":[{"embeddable":true,"href":"https:\/\/zonaroja.com.mx\/index.php?rest_route=%2Fwp%2Fv2%2Fcomments&post=47450"}],"version-history":[{"count":1,"href":"https:\/\/zonaroja.com.mx\/index.php?rest_route=\/wp\/v2\/posts\/47450\/revisions"}],"predecessor-version":[{"id":47451,"href":"https:\/\/zonaroja.com.mx\/index.php?rest_route=\/wp\/v2\/posts\/47450\/revisions\/47451"}],"wp:featuredmedia":[{"embeddable":true,"href":"https:\/\/zonaroja.com.mx\/index.php?rest_route=\/wp\/v2\/media\/42128"}],"wp:attachment":[{"href":"https:\/\/zonaroja.com.mx\/index.php?rest_route=%2Fwp%2Fv2%2Fmedia&parent=47450"}],"wp:term":[{"taxonomy":"category","embeddable":true,"href":"https:\/\/zonaroja.com.mx\/index.php?rest_route=%2Fwp%2Fv2%2Fcategories&post=47450"},{"taxonomy":"post_tag","embeddable":true,"href":"https:\/\/zonaroja.com.mx\/index.php?rest_route=%2Fwp%2Fv2%2Ftags&post=47450"}],"curies":[{"name":"wp","href":"https:\/\/api.w.org\/{rel}","templated":true}]}}