{"id":47454,"date":"2022-10-30T08:36:00","date_gmt":"2022-10-30T14:36:00","guid":{"rendered":"http:\/\/www.zonaroja.com.mx\/?p=47454"},"modified":"2022-10-30T06:44:53","modified_gmt":"2022-10-30T12:44:53","slug":"cumple-un-ano-de-desaparecida-irma-galindo-activista-mixteca","status":"publish","type":"post","link":"https:\/\/zonaroja.com.mx\/?p=47454","title":{"rendered":"Cumple un a\u00f1o de desaparecida Irma Galindo, activista mixteca"},"content":{"rendered":"\n<p>Redacci\u00f3n\/Zona Roja.<\/p>\n\n\n\n<p>Oaxaca de Ju\u00e1rez, Oax., a 30 de octubre de 2022.- El 27 de octubre pasado se cumpli\u00f3 un a\u00f1o de la desaparici\u00f3n de la activista Irma Galindo Barrios, originaria de San Esteban Atatlahuaca, y a la fecha se desconoce su paradero.<\/p>\n\n\n\n<p>A la mujer de 38 a\u00f1os de edad, quien naci\u00f3n en la localidad de Totoi, se le vio por \u00faltima vez en la estaci\u00f3n Barranca del Muerto del sistema de transporte Metro de la ciudad de M\u00e9xico, tras acudir a Chalco, Estado de M\u00e9xico.<\/p>\n\n\n\n<p>Seg\u00fan el Centro de Derechos Humanos y Asesor\u00eda a Pueblos Ind\u00edgenas (Cedhapi), Irma Galindo es promotora cultural y de la medicina tradicional en su comunidad, donde denunciaba la tala inmoderada e ilegal del bosque.<\/p>\n\n\n\n<p>Ella \u201cdesparece en el contexto de las agresiones que sufrieron los habitantes de las comunidades de Mier y Ter\u00e1n, Guerrero Grande y Ndoyonoyuji, los d\u00edas 21, 22 y 23 de octubre del a\u00f1o 2021, ya que desde el a\u00f1o 2017, autoridades y ciudadanos de estas comunidades ind\u00edgenas mixtecas empezaron a reclamar y a protestar en contra de las autoridades municipales y representantes agrarios de San Esteban Atatlahuca\u201d, inform\u00f3 el organismo en un comunicado.<\/p>\n\n\n\n<p>Detall\u00f3 que el d\u00eda 10 de noviembre del 2019, aproximadamente a las nueve de la noche en el paraje \u201cBuenavista\u201d de Toto-i, quemaron la casa de Irma Galindo Barrios, quien no se encontraba en su domicilio ya que por los disturbios que se estaban suscitando en d\u00edas anteriores no pod\u00eda regresar a su casa.<\/p>\n\n\n\n<p>Con motivo de los hechos, se present\u00f3 denuncia por el delito de Desaparici\u00f3n de Persona de Irma Galindo Barrios ante el Agente del Ministerio Publico de la Ciudad de Tlaxiaco, Oaxaca, Carpeta de Investigaci\u00f3n 36988\/FMIX\/TLAXIACO\/2021.<\/p>\n\n\n\n<p>\u201cHasta el momento y a pesar de que se le ha exigido justicia a la Fiscal\u00eda General de Justicia del Estado de Oaxaca, sobre el paradero de Irma Galindo Barrios hasta la fecha no se ha efectuado ninguna investigaci\u00f3n efectiva, eficiente, exhaustiva, profesional e inmediata para dar con el paradero de la v\u00edctima y sus responsables, y que oportunamente se denunci\u00f3\u201d.<\/p>\n\n\n\n<p>El 22 de diciembre del 2021, la Comisi\u00f3n Interamericana de Derechos Humanos otorgo medidas cautelares a favor de Irma Galindo Barrios MC-1050-21 y con fecha 31 de diciembre del 2021 el Comit\u00e9 contra la Desaparici\u00f3n Forzada emite la Acci\u00f3n Urgente &nbsp;AU 1460\/2021, por la Desaparici\u00f3n forzada de Irma Galindo Barrios.<\/p>\n","protected":false},"excerpt":{"rendered":"<p>Redacci\u00f3n\/Zona Roja. Oaxaca de Ju\u00e1rez, Oax., a 30 de octubre de 2022.- El 27 de&hellip;<\/p>\n","protected":false},"author":2,"featured_media":5859,"comment_status":"closed","ping_status":"open","sticky":false,"template":"","format":"standard","meta":{"_lmt_disableupdate":"","_lmt_disable":"","_jetpack_memberships_contains_paid_content":false,"footnotes":""},"categories":[109,47],"tags":[2948],"class_list":["post-47454","post","type-post","status-publish","format-standard","has-post-thumbnail","hentry","category-minuto-a-minuto","category-zona-gris","tag-irma-galindo-barrios"],"jetpack_featured_media_url":"https:\/\/zonaroja.com.mx\/wp-content\/uploads\/2019\/11\/Irma-Galindo-Atatlahuca.jpg","jetpack_sharing_enabled":true,"_links":{"self":[{"href":"https:\/\/zonaroja.com.mx\/index.php?rest_route=\/wp\/v2\/posts\/47454","targetHints":{"allow":["GET"]}}],"collection":[{"href":"https:\/\/zonaroja.com.mx\/index.php?rest_route=\/wp\/v2\/posts"}],"about":[{"href":"https:\/\/zonaroja.com.mx\/index.php?rest_route=\/wp\/v2\/types\/post"}],"author":[{"embeddable":true,"href":"https:\/\/zonaroja.com.mx\/index.php?rest_route=\/wp\/v2\/users\/2"}],"replies":[{"embeddable":true,"href":"https:\/\/zonaroja.com.mx\/index.php?rest_route=%2Fwp%2Fv2%2Fcomments&post=47454"}],"version-history":[{"count":1,"href":"https:\/\/zonaroja.com.mx\/index.php?rest_route=\/wp\/v2\/posts\/47454\/revisions"}],"predecessor-version":[{"id":47455,"href":"https:\/\/zonaroja.com.mx\/index.php?rest_route=\/wp\/v2\/posts\/47454\/revisions\/47455"}],"wp:featuredmedia":[{"embeddable":true,"href":"https:\/\/zonaroja.com.mx\/index.php?rest_route=\/wp\/v2\/media\/5859"}],"wp:attachment":[{"href":"https:\/\/zonaroja.com.mx\/index.php?rest_route=%2Fwp%2Fv2%2Fmedia&parent=47454"}],"wp:term":[{"taxonomy":"category","embeddable":true,"href":"https:\/\/zonaroja.com.mx\/index.php?rest_route=%2Fwp%2Fv2%2Fcategories&post=47454"},{"taxonomy":"post_tag","embeddable":true,"href":"https:\/\/zonaroja.com.mx\/index.php?rest_route=%2Fwp%2Fv2%2Ftags&post=47454"}],"curies":[{"name":"wp","href":"https:\/\/api.w.org\/{rel}","templated":true}]}}