{"id":47456,"date":"2022-10-30T06:58:53","date_gmt":"2022-10-30T12:58:53","guid":{"rendered":"http:\/\/www.zonaroja.com.mx\/?p=47456"},"modified":"2022-10-30T06:58:55","modified_gmt":"2022-10-30T12:58:55","slug":"hallowen-del-terror-en-corea-154-muertos-133-heridos-y-355-desaparecidos","status":"publish","type":"post","link":"https:\/\/zonaroja.com.mx\/?p=47456","title":{"rendered":"Hallowen del terror en Corea: 154 muertos, 133 heridos y 355 desaparecidos"},"content":{"rendered":"\n<p>Redacci\u00f3n\/Zona Roja Cdmx.<\/p>\n\n\n\n<p>Ciudad de M\u00e9xico a 30 de octubre de 2022.- El Gobierno de Corea del Sur declar\u00f3 este domingo el luto nacional tras la aglomeraci\u00f3n de la v\u00edspera durante las celebraciones de Halloween en Se\u00fal, que dej\u00f3 al menos 154 muertos y 133 heridos, y prometi\u00f3 investigar en profundidad las causas del tr\u00e1gico suceso.<\/p>\n\n\n\n<p>El pa\u00eds asi\u00e1tico amaneci\u00f3 este domingo conmocionado por el accidente acaecido en torno a las 22.22 hora local del s\u00e1bado (13.22 GMT del s\u00e1bado) en un empinado callej\u00f3n en las cercan\u00edas del Hotel Hamilton, frente a la estaci\u00f3n de metro de Itaewon, en una conocida zona de ocio nocturno.<\/p>\n\n\n\n<p>Las autoridades tratan determinar la causa del suceso, que seg\u00fan testigos presenciales, autoridades y v\u00eddeos publicados en redes sociales, se origin\u00f3 por una acumulaci\u00f3n excesiva de gente en un estrecho callej\u00f3n que conecta la principal avenida del barrio, Itaewon ro, con una concurrida zona de bares.<\/p>\n\n\n\n<p>All\u00ed quedaron atrapadas centenares de personas, muchas de las cuales fallecieron por asfixia, de entre los miles que acudieron a festejar Halloween en Itaewon.<\/p>\n\n\n\n<p>Im\u00e1genes publicadas en internet muestran a un gran n\u00famero de gente atrapada en el mencionado callej\u00f3n mientras los equipos de emergencia tratan de evacuar a algunos de ellos, y tambi\u00e9n practicando maniobras de reanimaci\u00f3n sobre las v\u00edctimas.<\/p>\n\n\n\n<p>Testigos presenciales han criticado la falta de presencia policial en un barrio famoso por su ocio nocturno que cada a\u00f1o atrae a decenas de miles de personas durante las fechas cercanas a Halloween.<\/p>\n\n\n\n<p>En ese sentido, la opini\u00f3n p\u00fablica surcoreana se pregunta hoy sobre la falta de previsi\u00f3n en una ciudad acostumbrada a manejar de manera eficiente manifestaciones en las que se re\u00fanen miles de personas pr\u00e1cticamente cada fin de semana.<\/p>\n\n\n\n<p>Muchos de los 154 fallecidos son veintea\u00f1eros, y de esa cifra provisional, casi un centenar son mujeres, seg\u00fan los datos ofrecidos por el departamento de bomberos de Yongsan, que informaron asimismo de que entre los heridos hay 37 en estado grave, por lo que el balance final de muertos podr\u00eda ser mayor.<\/p>\n\n\n\n<p>Las autoridades detallaron que entre las v\u00edctimas mortales hay una veintena de extranjeros, y mencionaron entre sus pa\u00edses de origen a China, Austria, Francia, Noruega, Rusia, Estados Unidos, Australia, Ir\u00e1n, Vietnam, Kazajist\u00e1n, Uzbekist\u00e1n, Tailandia y Sri Lanka.<\/p>\n\n\n\n<p>El Gobierno de Se\u00fal inform\u00f3 asimismo de que se han recibido 355 reportes de personas desaparecidas que podr\u00edan estar vinculadas al suceso, y se\u00f1al\u00f3 que se han identificado a la gran mayor\u00eda de los fallecidos pasadas las 21.00 horas del domingo (12.00 GMT).<\/p>\n\n\n\n<p>Cerca de 500 agentes de la Agencia de Polic\u00eda Metropolitana de Se\u00fal fueron asignados este domingo a las tareas de investigaci\u00f3n del lugar del suceso y de identificaci\u00f3n de las v\u00edctimas.<\/p>\n\n\n\n<p>El callej\u00f3n donde sucedi\u00f3 la tragedia y las calles aleda\u00f1as permanec\u00edan hoy acordonados.<\/p>\n\n\n\n<p>En las cercan\u00edas del lugar de los hechos algunas personas comenzaron a depositar hoy flores y otras ofrendas en recuerdo a las v\u00edctimas, mientras que el Gobierno anunci\u00f3 que este lunes se colocar\u00e1n altares con ese fin en una plaza de Itaewon y en la plaza frente al ayuntamiento de Se\u00fal.<\/p>\n\n\n\n<p>(Informaci\u00f3n de la agencia EFE)<\/p>\n","protected":false},"excerpt":{"rendered":"<p>Redacci\u00f3n\/Zona Roja Cdmx. Ciudad de M\u00e9xico a 30 de octubre de 2022.- El Gobierno de&hellip;<\/p>\n","protected":false},"author":2,"featured_media":47457,"comment_status":"closed","ping_status":"open","sticky":false,"template":"","format":"standard","meta":{"_lmt_disableupdate":"","_lmt_disable":"","_jetpack_memberships_contains_paid_content":false,"footnotes":""},"categories":[109,51],"tags":[3298],"class_list":["post-47456","post","type-post","status-publish","format-standard","has-post-thumbnail","hentry","category-minuto-a-minuto","category-zona-roja","tag-seul-corea-del-sur"],"jetpack_featured_media_url":"https:\/\/zonaroja.com.mx\/wp-content\/uploads\/2022\/10\/Hallowen-muertos-Seul-Corea.jpg","jetpack_sharing_enabled":true,"_links":{"self":[{"href":"https:\/\/zonaroja.com.mx\/index.php?rest_route=\/wp\/v2\/posts\/47456","targetHints":{"allow":["GET"]}}],"collection":[{"href":"https:\/\/zonaroja.com.mx\/index.php?rest_route=\/wp\/v2\/posts"}],"about":[{"href":"https:\/\/zonaroja.com.mx\/index.php?rest_route=\/wp\/v2\/types\/post"}],"author":[{"embeddable":true,"href":"https:\/\/zonaroja.com.mx\/index.php?rest_route=\/wp\/v2\/users\/2"}],"replies":[{"embeddable":true,"href":"https:\/\/zonaroja.com.mx\/index.php?rest_route=%2Fwp%2Fv2%2Fcomments&post=47456"}],"version-history":[{"count":1,"href":"https:\/\/zonaroja.com.mx\/index.php?rest_route=\/wp\/v2\/posts\/47456\/revisions"}],"predecessor-version":[{"id":47458,"href":"https:\/\/zonaroja.com.mx\/index.php?rest_route=\/wp\/v2\/posts\/47456\/revisions\/47458"}],"wp:featuredmedia":[{"embeddable":true,"href":"https:\/\/zonaroja.com.mx\/index.php?rest_route=\/wp\/v2\/media\/47457"}],"wp:attachment":[{"href":"https:\/\/zonaroja.com.mx\/index.php?rest_route=%2Fwp%2Fv2%2Fmedia&parent=47456"}],"wp:term":[{"taxonomy":"category","embeddable":true,"href":"https:\/\/zonaroja.com.mx\/index.php?rest_route=%2Fwp%2Fv2%2Fcategories&post=47456"},{"taxonomy":"post_tag","embeddable":true,"href":"https:\/\/zonaroja.com.mx\/index.php?rest_route=%2Fwp%2Fv2%2Ftags&post=47456"}],"curies":[{"name":"wp","href":"https:\/\/api.w.org\/{rel}","templated":true}]}}