{"id":47463,"date":"2022-10-30T07:28:03","date_gmt":"2022-10-30T13:28:03","guid":{"rendered":"http:\/\/www.zonaroja.com.mx\/?p=47463"},"modified":"2022-10-30T07:28:05","modified_gmt":"2022-10-30T13:28:05","slug":"detienen-a-exsecretario-de-seguridad-de-guerrero-por-desaparicion-de-los-43","status":"publish","type":"post","link":"https:\/\/zonaroja.com.mx\/?p=47463","title":{"rendered":"Detienen a exsecretario de Seguridad de Guerrero por desaparici\u00f3n de los 43"},"content":{"rendered":"\n<p>Redacci\u00f3n\/Zona Roja Cdmx.<\/p>\n\n\n\n<p>Ciudad de M\u00e9xico, a 30 de octubre de 2022.- Este viernes 28 de octubre, alrededor de las 16:00 horas, fue detenido en Tepic, Nayarit, el exsecretario de Seguridad P\u00fablica de Guerrero, Leonardo Octavio V\u00e1zquez P\u00e9rez, quien enfrentar\u00e1 cargos por delincuencia organizada, derivado de la desaparici\u00f3n de los 43 normalistas de Ayotzinapa.<\/p>\n\n\n\n<p>Al exfuncionario lo relacionan con la organizaci\u00f3n criminal Guerreros Unidos, a quienes se les atribuye la desaparici\u00f3n de los estudiantes, en septiembre de 2014.<\/p>\n\n\n\n<p>La orden de aprehensi\u00f3n liberada en su contra fue ejecutada hace un mes por el juez Federal de Procesos Penales del Estado de M\u00e9xico; por ahora, V\u00e1zquez P\u00e9rez se encuentra recluido en el penal \u201cEl Rinc\u00f3n\u201d, de Tepic, a la espera de ser trasladado para iniciar el proceso judicial en su contra.<\/p>\n\n\n\n<p>De acuerdo con las investigaciones por el caso Ayotzinapa, Leonardo Octavio V\u00e1zquez, quien encabezaba la Secretar\u00eda de Seguridad P\u00fablica, presuntamente impidi\u00f3 la actuaci\u00f3n para proteger a los j\u00f3venes en Iguala.<\/p>\n\n\n\n<p>CONFIANZA ROTA<\/p>\n\n\n\n<p>Vidulfo Rosales, abogado de lo familiar del caso Ayotzinapa, asegur\u00f3 este jueves 13 de octubre que el Gobierno del presidente Andr\u00e9s Manuel L\u00f3pez Obrador ha enviado una serie de se\u00f1ales que terminaron de \u201cmatar\u201d la esperanza que ten\u00edan.<\/p>\n\n\n\n<p>\u201cYa se rompi\u00f3 ese marco de confianza que se construy\u00f3 durante todos estos a\u00f1os por todas las se\u00f1ales que hoy en d\u00eda nos est\u00e1n dando\u201d, afirm\u00f3.<\/p>\n\n\n\n<p>Vidulfo Rosales explic\u00f3 que la confianza acab\u00f3 cuando la actual administraci\u00f3n dio a conocer que Omar G\u00f3mez Trejo, entonces titular de la Unidad Especial de Investigaci\u00f3n y Litigaci\u00f3n para el Caso Ayotzinapa, perteneciente a la Fiscal\u00eda General de la Rep\u00fablica (FGR), present\u00f3 su renuncia.<\/p>\n\n\n\n<p>\u201cVemos claramente un desmantelamiento de la Fiscal\u00eda Especial, c\u00f3mo vamos a tener nosotros, las madres y los padres, confianza en un fiscal que no sabemos qu\u00e9 perfil, para hacerse cargo de una Fiscal\u00eda Especial del caso Ayotzinapa debe tener un conocimiento del asunto, debe estar empapado (\u2026) no sabemos que sea una persona con expertis en materia de Derechos Humanos, sobre todo en desaparici\u00f3n forzada\u201d, dijo.<\/p>\n\n\n\n<p>Tambi\u00e9n agreg\u00f3 que el Gobierno de L\u00f3pez Obrador mand\u00f3 otra se\u00f1al de desconfianza al cancelar 21 \u00f3rdenes de aprehensi\u00f3n contra los implicados de la investigaci\u00f3n sin dar explicaciones.<\/p>\n\n\n\n<p>\u201cSe est\u00e1 torpedeando el acceso a la justicia a los padres y madres de familia al cancelar 21 \u00f3rdenes de aprehensi\u00f3n, sobre las cuales no hay una explicaci\u00f3n oficial de parte de las autoridades, c\u00f3mo vamos nosotros a retomar el camino del di\u00e1logo, c\u00f3mo vamos a retomar este proceso de confianza que la autoridad dio\u201d, sostuvo.<\/p>\n","protected":false},"excerpt":{"rendered":"<p>Redacci\u00f3n\/Zona Roja Cdmx. Ciudad de M\u00e9xico, a 30 de octubre de 2022.- Este viernes 28&hellip;<\/p>\n","protected":false},"author":2,"featured_media":47464,"comment_status":"closed","ping_status":"open","sticky":false,"template":"","format":"standard","meta":{"_lmt_disableupdate":"","_lmt_disable":"","_jetpack_memberships_contains_paid_content":false,"footnotes":""},"categories":[109,47],"tags":[715],"class_list":["post-47463","post","type-post","status-publish","format-standard","has-post-thumbnail","hentry","category-minuto-a-minuto","category-zona-gris","tag-normalistas-ayotzinapa"],"jetpack_featured_media_url":"https:\/\/zonaroja.com.mx\/wp-content\/uploads\/2022\/10\/General-Leonardo-Octavio-Vasquez-Perez-Guerrero.jpeg","jetpack_sharing_enabled":true,"_links":{"self":[{"href":"https:\/\/zonaroja.com.mx\/index.php?rest_route=\/wp\/v2\/posts\/47463","targetHints":{"allow":["GET"]}}],"collection":[{"href":"https:\/\/zonaroja.com.mx\/index.php?rest_route=\/wp\/v2\/posts"}],"about":[{"href":"https:\/\/zonaroja.com.mx\/index.php?rest_route=\/wp\/v2\/types\/post"}],"author":[{"embeddable":true,"href":"https:\/\/zonaroja.com.mx\/index.php?rest_route=\/wp\/v2\/users\/2"}],"replies":[{"embeddable":true,"href":"https:\/\/zonaroja.com.mx\/index.php?rest_route=%2Fwp%2Fv2%2Fcomments&post=47463"}],"version-history":[{"count":1,"href":"https:\/\/zonaroja.com.mx\/index.php?rest_route=\/wp\/v2\/posts\/47463\/revisions"}],"predecessor-version":[{"id":47465,"href":"https:\/\/zonaroja.com.mx\/index.php?rest_route=\/wp\/v2\/posts\/47463\/revisions\/47465"}],"wp:featuredmedia":[{"embeddable":true,"href":"https:\/\/zonaroja.com.mx\/index.php?rest_route=\/wp\/v2\/media\/47464"}],"wp:attachment":[{"href":"https:\/\/zonaroja.com.mx\/index.php?rest_route=%2Fwp%2Fv2%2Fmedia&parent=47463"}],"wp:term":[{"taxonomy":"category","embeddable":true,"href":"https:\/\/zonaroja.com.mx\/index.php?rest_route=%2Fwp%2Fv2%2Fcategories&post=47463"},{"taxonomy":"post_tag","embeddable":true,"href":"https:\/\/zonaroja.com.mx\/index.php?rest_route=%2Fwp%2Fv2%2Ftags&post=47463"}],"curies":[{"name":"wp","href":"https:\/\/api.w.org\/{rel}","templated":true}]}}