{"id":47470,"date":"2022-10-30T19:25:59","date_gmt":"2022-10-31T01:25:59","guid":{"rendered":"http:\/\/www.zonaroja.com.mx\/?p=47470"},"modified":"2022-10-30T19:32:26","modified_gmt":"2022-10-31T01:32:26","slug":"emboscada-en-la-sierra-norte-dos-muertos-y-un-herido","status":"publish","type":"post","link":"https:\/\/zonaroja.com.mx\/?p=47470","title":{"rendered":"Emboscada en la Sierra Norte: dos muertos y un herido"},"content":{"rendered":"\n<p>Ismael Garc\u00eda M.\/Zona Roja.<\/p>\n\n\n\n<p>Oaxaca de Ju\u00e1rez, Oax., a 30 de octubre de 2022.- Una emboscada contra campesinos en la regi\u00f3n de la Sierra Norte de Oaxaca dej\u00f3 como saldo hoy dos personas asesinadas por disparos de arma de fuego y una m\u00e1s lesionada de gravedad.<\/p>\n\n\n\n<p>De acuerdo con denuncia de la autoridad auxiliar, habitantes de San Miguel Tiltepec, Ixtl\u00e1n, acudieron este domingo a realizar sus compras a la localidad vecina de Santa Mar\u00eda Josaa; sin embargo, fueron agredidas a balazos, presuntamente por pobladores de Santa Mar\u00eda La Luz.<\/p>\n\n\n\n<p>Como resultado de ello, perdieron la vida \u00d3scar Maldonado Hern\u00e1ndez y Raymundo Monta\u00f1o Monta\u00f1o, mientras que result\u00f3 con heridas en la espalda el campesino Alfredo Monta\u00f1o Hern\u00e1ndez.<\/p>\n\n\n\n<p>Seg\u00fan informaci\u00f3n dada a conocer por \u00c1lvaro Hern\u00e1ndez Monta\u00f1o, agente municipal de San Miguel Tiltepec, entre los agresores hab\u00eda personal de la Comisi\u00f3n Federal de Electricidad y autoridades de La Luz.<\/p>\n\n\n\n<p>Ante ello, las familiares de las v\u00edctimas y el agente municipal pidieron la presencia urgente de elementos de la Guardia Nacional y de la Secretar\u00eda de Seguridad P\u00fablica, a fin de evitar m\u00e1s agresiones armadas.<\/p>\n\n\n\n<p>Asimismo, la inmediata presencia de personal de la Fiscal\u00eda General del Estado de Oaxaca con la finalidad de iniciar las indagatorias correspondientes.<\/p>\n\n\n\n<p>Los hechos sucedieron la ma\u00f1ana de este domingo y hasta esta noche los cuerpos no han sido levantados, seg\u00fan dieron a conocer mediante un comunicado.<\/p>\n","protected":false},"excerpt":{"rendered":"<p>Ismael Garc\u00eda M.\/Zona Roja. Oaxaca de Ju\u00e1rez, Oax., a 30 de octubre de 2022.- Una&hellip;<\/p>\n","protected":false},"author":2,"featured_media":12411,"comment_status":"closed","ping_status":"open","sticky":false,"template":"","format":"standard","meta":{"_lmt_disableupdate":"","_lmt_disable":"","_jetpack_memberships_contains_paid_content":false,"footnotes":""},"categories":[109,51],"tags":[2196],"class_list":["post-47470","post","type-post","status-publish","format-standard","has-post-thumbnail","hentry","category-minuto-a-minuto","category-zona-roja","tag-ixtlan-de-juarez"],"jetpack_featured_media_url":"https:\/\/zonaroja.com.mx\/wp-content\/uploads\/2020\/05\/Ixtl\u00e1n-de-Ju\u00e1rez.jpg","jetpack_sharing_enabled":true,"_links":{"self":[{"href":"https:\/\/zonaroja.com.mx\/index.php?rest_route=\/wp\/v2\/posts\/47470","targetHints":{"allow":["GET"]}}],"collection":[{"href":"https:\/\/zonaroja.com.mx\/index.php?rest_route=\/wp\/v2\/posts"}],"about":[{"href":"https:\/\/zonaroja.com.mx\/index.php?rest_route=\/wp\/v2\/types\/post"}],"author":[{"embeddable":true,"href":"https:\/\/zonaroja.com.mx\/index.php?rest_route=\/wp\/v2\/users\/2"}],"replies":[{"embeddable":true,"href":"https:\/\/zonaroja.com.mx\/index.php?rest_route=%2Fwp%2Fv2%2Fcomments&post=47470"}],"version-history":[{"count":2,"href":"https:\/\/zonaroja.com.mx\/index.php?rest_route=\/wp\/v2\/posts\/47470\/revisions"}],"predecessor-version":[{"id":47473,"href":"https:\/\/zonaroja.com.mx\/index.php?rest_route=\/wp\/v2\/posts\/47470\/revisions\/47473"}],"wp:featuredmedia":[{"embeddable":true,"href":"https:\/\/zonaroja.com.mx\/index.php?rest_route=\/wp\/v2\/media\/12411"}],"wp:attachment":[{"href":"https:\/\/zonaroja.com.mx\/index.php?rest_route=%2Fwp%2Fv2%2Fmedia&parent=47470"}],"wp:term":[{"taxonomy":"category","embeddable":true,"href":"https:\/\/zonaroja.com.mx\/index.php?rest_route=%2Fwp%2Fv2%2Fcategories&post=47470"},{"taxonomy":"post_tag","embeddable":true,"href":"https:\/\/zonaroja.com.mx\/index.php?rest_route=%2Fwp%2Fv2%2Ftags&post=47470"}],"curies":[{"name":"wp","href":"https:\/\/api.w.org\/{rel}","templated":true}]}}