{"id":47474,"date":"2022-10-31T07:02:48","date_gmt":"2022-10-31T13:02:48","guid":{"rendered":"http:\/\/www.zonaroja.com.mx\/?p=47474"},"modified":"2022-10-31T11:03:05","modified_gmt":"2022-10-31T17:03:05","slug":"opinion-morenistas-basura-y-gobiernos-municipales-irresponsables","status":"publish","type":"post","link":"https:\/\/zonaroja.com.mx\/?p=47474","title":{"rendered":"Opini\u00f3n. Morenistas, basura y gobiernos municipales irresponsables"},"content":{"rendered":"\n<p>Ismael Garc\u00eda M.\/Zona Roja.<\/p>\n\n\n\n<p>Oaxaca de Ju\u00e1rez, Oax., a 31 de octubre de 2022.- \u00bfAlguien ha entendido por qu\u00e9 el ayuntamiento de Zaachila, morenista, cierra un tiradero en terreno propiedad de Oaxaca de Ju\u00e1rez, tambi\u00e9n municipio morenista?<\/p>\n\n\n\n<p>Eso fue lo que pas\u00f3 el pasado 8 de octubre y a tres semanas, la capital es un caos, un tiradero a cielo abierto, que recibi\u00f3 a los turistas con calles y parques atestados de desechos y que hoy escala, con un paro de labores de trabajadoras.<\/p>\n\n\n\n<p>Y con el repudio de los capitalinos tambi\u00e9n, ante la incapacidad que ha mostrado Francisco Mart\u00ednez Neri para resolver el problema.<\/p>\n\n\n\n<p>Recriminaciones adem\u00e1s por parte de autoridades de la zona metropolitana, por la medida arbitraria que tom\u00f3 Rigoberto Chac\u00f3n P\u00e9rez.<\/p>\n\n\n\n<p>La crisis de la basura se extiende paulatinamente a Santa Mar\u00eda Atzompa, la propia Villa de Zaachila, Santa Cruz Xoxocotl\u00e1n, San Sebasti\u00e1n Tutla, San Antonio de la Cal, Santa Luc\u00eda del Camino, entre otros, sin que nadie tenga la capacidad para frenar la poluci\u00f3n.<\/p>\n\n\n\n<p>TRASPI\u00c9S DE NERI<\/p>\n\n\n\n<p>Los conflictos de Mart\u00ednez Neri se originaron en casa. Es decir, por irresponsabilidad y poca experiencia para atender este tipo de problemas.<\/p>\n\n\n\n<p>Con conocimiento de que desde hace m\u00e1s de un lustro se deb\u00eda cerrar el tiradero ubicado en Zaachila, sus operadores pol\u00edticos, principalmente el secretario General Felipe Canseco, no hicieron absolutamente nada para prevenir la situaci\u00f3n.<\/p>\n\n\n\n<p>En primer lugar, jam\u00e1s recuperaron la rector\u00eda del basurero, terreno ubicado en Zaachila, pero cuyo espacio administraba el ayuntamiento capitalino, por lo tanto, sab\u00edan del lastre ambiental como de la crisis que vendr\u00eda en caso de que se cerrara pronto.<\/p>\n\n\n\n<p>Por cierto, \u00bfen d\u00f3nde est\u00e1 el dinero que cobraba la hacienda capitalina a cada cami\u00f3n que ingresaba para tirar su basura, proveniente de al menos 25 municipios?<\/p>\n\n\n\n<p>Y as\u00ed ocurri\u00f3 y en julio pasado vino la advertencia de Zaachila \u2014de manera irregular, por parte del edil morenista Rigoberto Chac\u00f3n\u2014, bajo el argumento de que los colonos ya no quer\u00edan la contaminaci\u00f3n que se generaba.<\/p>\n\n\n\n<p>Una mentira, pues los habitantes de la zona viven o viv\u00edan pr\u00e1cticamente de la pepena; al menos un centenar de personas acud\u00eda a buscar pl\u00e1stico, metales, ropa, cart\u00f3n y otros materiales revendibles.<\/p>\n\n\n\n<p>Mentira tambi\u00e9n porque el control pas\u00f3 a manos del Frente Popular \u201c14 de Junio\u201d, que con pistoleros ordenaba qui\u00e9n entraba no s\u00f3lo al basurero, sino a los asentamientos de la parte alta de la agencia Vicente Guerrero.<\/p>\n\n\n\n<p>\u00bfC\u00f3mo se dej\u00f3 \u201cconvencer\u201d Neri? Lo que se sabe es que hubo una mala operaci\u00f3n pol\u00edtica que incluso sorprendi\u00f3 al propio presidente capitalino.<\/p>\n\n\n\n<p>Pese a que desde hace m\u00e1s de un lustro, por no decir casi una d\u00e9cada, en que el tiradero ya hab\u00eda llegado a su tope.<\/p>\n\n\n\n<p>Pero ya se hab\u00edan invertido tambi\u00e9n millonarias cantidades de dinero \u2014como rese\u00f1amos en este espacio semanas atr\u00e1s\u2014 desde la \u00e9poca de Gabino Cu\u00e9, para seguir prolongando el uso, en tanto se consegu\u00edan otras opciones.<\/p>\n\n\n\n<p>HAB\u00cdA TIEMPO<\/p>\n\n\n\n<p>No hay rastros en el plan municipal de Oaxaca de Ju\u00e1rez en que se haya priorizado la creaci\u00f3n de un tiradero propio; tampoco lo hubo con Oswaldo Garc\u00eda Jarqu\u00edn y sus antecesores.<\/p>\n\n\n\n<p>A mediados de este a\u00f1o estall\u00f3 el problema con la advertencia de Zaachila, que puso en jaque al gobierno estatal, lo que orill\u00f3 a una reuni\u00f3n entre autoridades estatales y municipales, el pasado 21 de julio, encabezada por el gobernador Alejandro Murat.<\/p>\n\n\n\n<p>Como siempre, quejas, reclamos, y al final un acuerdo que firmaron todos los asistentes, con la creaci\u00f3n de un comit\u00e9 y compromisos precisos\u2026 que nadie cumpli\u00f3:<\/p>\n\n\n\n<p>1)&nbsp;Continuar con el saneamiento del relleno sanitario.<\/p>\n\n\n\n<p>a)&nbsp;Trabajar en la estabilizaci\u00f3n de taludes en la parte sur del relleno, mejorar sistemas de manejo de biog\u00e1s y lixiviados, estas acciones est\u00e1n programadas hasta el 30 de noviembre del 2022. La Semaedeso solicitar\u00e1 los recursos necesarios para continuar con estas actividades en el 2023 que, en su caso ser\u00edan ejecutadas por la nueva administraci\u00f3n estatal.<\/p>\n\n\n\n<p>b)&nbsp;Revisar el origen de los materiales p\u00e9treos a utilizar para las coberturas del relleno.<\/p>\n\n\n\n<p>c)&nbsp;De las tarifas cobradas por el municipio de Oaxaca de Ju\u00e1rez por el acceso, se deber\u00e1 destinar al saneamiento del relleno sanitario.<\/p>\n\n\n\n<p>2) Acciones a que se comprometen en cada uno de los municipios<\/p>\n\n\n\n<p>a)&nbsp;Aplicar medidas para disminuir generaci\u00f3n de residuos (a grandes generadores, a eventos patronales, fiestas etc.)<\/p>\n\n\n\n<p>b)&nbsp;Aplicar lo dispuesto en el art\u00edculo 98 fracci\u00f3n XII y art\u00edculo 99 de la Ley para la Prevenci\u00f3n y Gesti\u00f3n Integral de Residuos S\u00f3lidos, con el objetivo de limitar y de ser posible terminar el uso, distribuci\u00f3n y venta de \u201cdesechables\u201d de unicel, popotes, y en general, utensilios pl\u00e1sticos de un solo uso.<\/p>\n\n\n\n<p>c)&nbsp;Separaci\u00f3n desde origen (casas-habitaci\u00f3n, oficinas, centros de trabajo)<\/p>\n\n\n\n<p>d)&nbsp;Los municipios deber\u00e1n identificar a la brevedad sitios de disposici\u00f3n final (ya sea por municipio o por grupo de estos).<\/p>\n\n\n\n<p>e)&nbsp;Aplicar sus reglamentos municipales en materia de residuos s\u00f3lidos.<\/p>\n\n\n\n<p>f)&nbsp;Adecuar\u00e1n a sus condiciones y ejecutar\u00e1n a la brevedad, el reglamento tipo en materia de residuos que la Semaedeso les har\u00e1 de conocimiento.<\/p>\n\n\n\n<p>Y NADIE CUMPLI\u00d3<\/p>\n\n\n\n<p>Hoy la crisis de la basura est\u00e1 por cumplir un mes y la problem\u00e1tica crece en los municipios de la zona metropolitana.<\/p>\n\n\n\n<p>Apenas este domingo se dio a conocer una sanci\u00f3n contra el ayuntamiento de Zaachila por un tiradero irregular, mientras que vecinos de Santa Mar\u00eda Atzompa se rebelaron por el dep\u00f3sito a cielo abierto.<\/p>\n\n\n\n<p>Pero en la capital, por ser el municipio con el mayor n\u00famero de habitantes en el estado, es donde se concentra, y llama la atenci\u00f3n, la problem\u00e1tica, que este lunes deton\u00f3 con marchas y paro por parte de sindicalizados.<\/p>\n\n\n\n<p>Los traspi\u00e9s del morenista Mart\u00ednez Neri han generado hasta reclamos de diputados morenistas, como sucedi\u00f3 la semana pasada en que Nancy Ben\u00edtez recrimin\u00f3 que se utilice el parque \u201cEl Tequio\u201d como tiradero de desechos org\u00e1nicos, por lo que ahora se detuvo tambi\u00e9n la recolecci\u00f3n de ese tipo de basura.<\/p>\n\n\n\n<p>El pasado jueves, el edil dijo que ya hab\u00eda terreno, pero no se ha concretado la compra; hace dos semanas el gobernador Alejandro Murat anunci\u00f3 que se hab\u00edan otorgado cinco millones de pesos al ayuntamiento para adquirir el predio.<\/p>\n\n\n\n<p>De bandazos en bandazos, lo \u00fanico que ha provocado el gobierno capitalino es m\u00e1s caos y m\u00e1s contaminaci\u00f3n.<\/p>\n\n\n\n<p>Sigue permitiendo que CATEM llene de basura la ribera del \u201cAtoyac\u201d; en toda la zona, los montones crecen y hasta quitan espacios a los comerciantes; el dep\u00f3sito provisional ubicado en un inmueble a medio construir, cerca del r\u00edo \u201cSalado\u201d, est\u00e1 totalmente lleno, generando m\u00e1s poluci\u00f3n.<\/p>\n\n\n\n<p>Las protestas por la acumulaci\u00f3n de basura en las calles siguen ocurriendo como sucedi\u00f3 la semana pasada con los colonos de la Art\u00edculo 123 y Arboleda; d\u00edas antes en el Infonavit Primera Etapa y apenas vienen m\u00e1s.<\/p>\n\n\n\n<p>De adquirirse el terreno en estos d\u00edas, tardar\u00e1 por lo menos otro mes en que pueda habilitarse para evitar contaminaci\u00f3n al subsuelo; al menos tres meses para conseguir todos los permisos ambientales.<\/p>\n\n\n\n<p>As\u00ed que, turistas y capitalinos tendr\u00e1n que soportar unas fiestas de \u201cMuertos\u201d entre hedor, basura e incapacidad municipal.<\/p>\n","protected":false},"excerpt":{"rendered":"<p>Ismael Garc\u00eda M.\/Zona Roja. Oaxaca de Ju\u00e1rez, Oax., a 31 de octubre de 2022.- \u00bfAlguien&hellip;<\/p>\n","protected":false},"author":2,"featured_media":41735,"comment_status":"closed","ping_status":"open","sticky":false,"template":"","format":"standard","meta":{"_lmt_disableupdate":"","_lmt_disable":"","_jetpack_memberships_contains_paid_content":false,"footnotes":""},"categories":[456,109,48],"tags":[1353],"class_list":["post-47474","post","type-post","status-publish","format-standard","has-post-thumbnail","hentry","category-columna","category-minuto-a-minuto","category-zona-critica","tag-opinion-zona-critica"],"jetpack_featured_media_url":"https:\/\/zonaroja.com.mx\/wp-content\/uploads\/2022\/05\/Opinion-Ismael-Garcia-M.jpg","jetpack_sharing_enabled":true,"_links":{"self":[{"href":"https:\/\/zonaroja.com.mx\/index.php?rest_route=\/wp\/v2\/posts\/47474","targetHints":{"allow":["GET"]}}],"collection":[{"href":"https:\/\/zonaroja.com.mx\/index.php?rest_route=\/wp\/v2\/posts"}],"about":[{"href":"https:\/\/zonaroja.com.mx\/index.php?rest_route=\/wp\/v2\/types\/post"}],"author":[{"embeddable":true,"href":"https:\/\/zonaroja.com.mx\/index.php?rest_route=\/wp\/v2\/users\/2"}],"replies":[{"embeddable":true,"href":"https:\/\/zonaroja.com.mx\/index.php?rest_route=%2Fwp%2Fv2%2Fcomments&post=47474"}],"version-history":[{"count":2,"href":"https:\/\/zonaroja.com.mx\/index.php?rest_route=\/wp\/v2\/posts\/47474\/revisions"}],"predecessor-version":[{"id":47496,"href":"https:\/\/zonaroja.com.mx\/index.php?rest_route=\/wp\/v2\/posts\/47474\/revisions\/47496"}],"wp:featuredmedia":[{"embeddable":true,"href":"https:\/\/zonaroja.com.mx\/index.php?rest_route=\/wp\/v2\/media\/41735"}],"wp:attachment":[{"href":"https:\/\/zonaroja.com.mx\/index.php?rest_route=%2Fwp%2Fv2%2Fmedia&parent=47474"}],"wp:term":[{"taxonomy":"category","embeddable":true,"href":"https:\/\/zonaroja.com.mx\/index.php?rest_route=%2Fwp%2Fv2%2Fcategories&post=47474"},{"taxonomy":"post_tag","embeddable":true,"href":"https:\/\/zonaroja.com.mx\/index.php?rest_route=%2Fwp%2Fv2%2Ftags&post=47474"}],"curies":[{"name":"wp","href":"https:\/\/api.w.org\/{rel}","templated":true}]}}