{"id":47476,"date":"2022-10-31T07:34:18","date_gmt":"2022-10-31T13:34:18","guid":{"rendered":"http:\/\/www.zonaroja.com.mx\/?p=47476"},"modified":"2022-10-31T07:34:19","modified_gmt":"2022-10-31T13:34:19","slug":"violencia-azota-tlalixtac-un-asesinado-y-dos-heridos-de-bala","status":"publish","type":"post","link":"https:\/\/zonaroja.com.mx\/?p=47476","title":{"rendered":"Violencia azota Tlalixtac: un asesinado y dos heridos de bala"},"content":{"rendered":"\n<p>Ismael Garc\u00eda M.\/Zona Roja.<\/p>\n\n\n\n<p>Oaxaca de Ju\u00e1rez, Oax., a 31 de octubre de 2022.- Una persona asesinada y dos m\u00e1s lesionadas por disparos de arma de fuego es el saldo violento registrado ayer domingo en Tlalixtac de Cabrera, municipio de la regi\u00f3n Valles Centrales de Oaxaca.<\/p>\n\n\n\n<p>Anoche, poco despu\u00e9s de las 20:00 horas, fue ejecutado un individuo, hasta ahora no identificado, a un costado de la carretera federal 175, Oaxaca-Tuxtepec, en el paraje \u201cCasa de Piedra\u201d de Tlalixtac.<\/p>\n\n\n\n<p>Param\u00e9dicos de protecci\u00f3n civil municipal corroboraron que ya no contaba con signos vitales; se trata de un individuo de aproximadamente 30 a\u00f1os de edad.<\/p>\n\n\n\n<p>Mientras que horas antes, en camino al rancho \u201cSan Miguel\u201d, en la cabecera municipal, fueron atacados a balazos ocupantes de una camioneta marca Mazda.<\/p>\n\n\n\n<p>Las v\u00edctimas, Juan L. L., de 46 a\u00f1os de edad, y Luis L. V., de 26 a\u00f1os, fueron trasladados de emergencia a un hospital, donde a\u00fan convalecen. A\u00fan se desconocen las causas por las cuales hayan sido agredidos, mientras que los atacantes huyeron con rumbo desconocido.<\/p>\n","protected":false},"excerpt":{"rendered":"<p>Ismael Garc\u00eda M.\/Zona Roja. Oaxaca de Ju\u00e1rez, Oax., a 31 de octubre de 2022.- Una&hellip;<\/p>\n","protected":false},"author":2,"featured_media":7500,"comment_status":"closed","ping_status":"open","sticky":false,"template":"","format":"standard","meta":{"_lmt_disableupdate":"","_lmt_disable":"","_jetpack_memberships_contains_paid_content":false,"footnotes":""},"categories":[109,51],"tags":[1259],"class_list":["post-47476","post","type-post","status-publish","format-standard","has-post-thumbnail","hentry","category-minuto-a-minuto","category-zona-roja","tag-tlalixtac-de-cabrera"],"jetpack_featured_media_url":"https:\/\/zonaroja.com.mx\/wp-content\/uploads\/2020\/01\/Escena-del-crimen5.jpg","jetpack_sharing_enabled":true,"_links":{"self":[{"href":"https:\/\/zonaroja.com.mx\/index.php?rest_route=\/wp\/v2\/posts\/47476","targetHints":{"allow":["GET"]}}],"collection":[{"href":"https:\/\/zonaroja.com.mx\/index.php?rest_route=\/wp\/v2\/posts"}],"about":[{"href":"https:\/\/zonaroja.com.mx\/index.php?rest_route=\/wp\/v2\/types\/post"}],"author":[{"embeddable":true,"href":"https:\/\/zonaroja.com.mx\/index.php?rest_route=\/wp\/v2\/users\/2"}],"replies":[{"embeddable":true,"href":"https:\/\/zonaroja.com.mx\/index.php?rest_route=%2Fwp%2Fv2%2Fcomments&post=47476"}],"version-history":[{"count":1,"href":"https:\/\/zonaroja.com.mx\/index.php?rest_route=\/wp\/v2\/posts\/47476\/revisions"}],"predecessor-version":[{"id":47477,"href":"https:\/\/zonaroja.com.mx\/index.php?rest_route=\/wp\/v2\/posts\/47476\/revisions\/47477"}],"wp:featuredmedia":[{"embeddable":true,"href":"https:\/\/zonaroja.com.mx\/index.php?rest_route=\/wp\/v2\/media\/7500"}],"wp:attachment":[{"href":"https:\/\/zonaroja.com.mx\/index.php?rest_route=%2Fwp%2Fv2%2Fmedia&parent=47476"}],"wp:term":[{"taxonomy":"category","embeddable":true,"href":"https:\/\/zonaroja.com.mx\/index.php?rest_route=%2Fwp%2Fv2%2Fcategories&post=47476"},{"taxonomy":"post_tag","embeddable":true,"href":"https:\/\/zonaroja.com.mx\/index.php?rest_route=%2Fwp%2Fv2%2Ftags&post=47476"}],"curies":[{"name":"wp","href":"https:\/\/api.w.org\/{rel}","templated":true}]}}