{"id":4749,"date":"2019-10-11T22:51:08","date_gmt":"2019-10-12T03:51:08","guid":{"rendered":"http:\/\/www.zonaroja.com.mx\/?p=4749"},"modified":"2019-10-11T22:51:10","modified_gmt":"2019-10-12T03:51:10","slug":"hallan-muerto-a-profesor-de-la-seccion-22-desaparecido-hace-una-semana","status":"publish","type":"post","link":"https:\/\/zonaroja.com.mx\/?p=4749","title":{"rendered":"Hallan muerto a profesor de la Secci\u00f3n 22 desaparecido hace una semana"},"content":{"rendered":"\n<p>Ismael Garc\u00eda M.<\/p>\n\n\n\n<p>Oaxaca de Ju\u00e1rez, Oax., 11 de octubre de 2019.- Un profesor de la Secci\u00f3n 22 del Sindicato Nacional de Trabajadores de la Educaci\u00f3n (SNTE) desaparecido desde el pasado 4 de octubre, fue hallado la tarde de este viernes sin vida.<\/p>\n\n\n\n<p>A un costado de la carretera federal 190 Oaxaca-M\u00e9xico, en jurisdicci\u00f3n de San Pablo, Etla, fue localizado entre los arbustos el cuerpo en estado de descomposici\u00f3n de Omar Flores Mart\u00ednez, quien pertenec\u00eda a la Delegaci\u00f3n D-II-157, sector Periferia.<\/p>\n\n\n\n<p>Estaba asignado como instructor de la\nbanda de guerra en la escuela Secundaria T\u00e9cnica n\u00famero 121 de San Bartolo\nCoyotepec, de donde sali\u00f3 de laborar el pasado viernes a bordo de su veh\u00edculo,\nque fue encontrado cerca de donde estaba el cuerpo.<\/p>\n\n\n\n<p>La abogada del gremio, Edith Santib\u00e1\u00f1ez Boh\u00f3rquez, lament\u00f3 que la Fiscal\u00eda General haya tardado en iniciar la b\u00fasqueda; \u201csi no lo busca la familia, no se encuentra\u201d, dijo.<\/p>\n\n\n\n<figure class=\"wp-block-embed-twitter wp-block-embed is-type-rich is-provider-twitter\"><div class=\"wp-block-embed__wrapper\">\n<div class=\"twitter-tweet\"><blockquote class=\"twitter-tweet\" data-lang=\"es\"><p lang=\"es\" dir=\"ltr\"><a href=\"https:\/\/twitter.com\/hashtag\/OaxacaRojo?src=hash&amp;ref_src=twsrc%5Etfw\">#OaxacaRojo<\/a><br>Confirman que uno de los dos homicidios en el valle de Etla es de Omar Flores Mart\u00ednez, afiliada a la Secci\u00f3n 22 del SNTE. La abogada Edith Santib\u00e1\u00f1ez denunci\u00f3 que la <a href=\"https:\/\/twitter.com\/FISCALIA_GobOax?ref_src=twsrc%5Etfw\">@FISCALIA_GobOax<\/a> tard\u00f3 en iniciar la b\u00fasqueda de quien desapareci\u00f3 el 4 de octubre. <a href=\"https:\/\/t.co\/apFOWLdRKO\">pic.twitter.com\/apFOWLdRKO<\/a><\/p>&mdash; Zona Roja Oaxaca (@MexRoja) <a href=\"https:\/\/twitter.com\/MexRoja\/status\/1182815841223696384?ref_src=twsrc%5Etfw\">12 de octubre de 2019<\/a><\/blockquote><\/div>\n<\/div><\/figure>\n\n\n\n<p>Expuso que la cartera y documentos de\nla v\u00edctima fueron halladas en una camioneta de transporte de pasajeros de la\nzona de Etla, con ruta a Suchilquitongo, lo cual se deber\u00e1 investigar.<\/p>\n\n\n\n<p>\u201cNo vamos a quedar conformes que otro\nhecho quede en total impunidad\u201d, manifest\u00f3.<\/p>\n\n\n\n<p>Por los hechos la Fiscal\u00eda General del\nEstado abri\u00f3 la Carpeta de Investigaci\u00f3n C.I.34698\/FVCE\/2019.<\/p>\n\n\n\n<p>M\u00c1S MUERTOS Y ATAQUES<\/p>\n\n\n\n<p>Por otra parte, en el acceso a la Villa\nde Etla, en el interior de un bar, un individuo fue atacado esta tarde de\nviernes, presuntamente con disparos de arma de fuego; fue trasladado a un\nhospital, donde se report\u00f3 sin vida. La v\u00edctima no ha sido identificada<\/p>\n\n\n\n<p>Mientras tanto en San Juan Bautista Tuxtepec,\ndonde el gobernador Alejandro Murat Hinojosa, acompa\u00f1ado del secretario de\nSeguridad P\u00fablica, Jes\u00fas Ernesto Salcedo, estuvo el martes y mi\u00e9rcoles, hoy se\nregistr\u00f3 otro ataque armado.<\/p>\n\n\n\n<p>Sucedi\u00f3 alrededor de las 18:30 horas en un domicilio de la calle Chiapas de la colonia El Castillo, donde fue agredido un individuo con al menos cinco disparos, mismo que fue trasladado a un hospital, donde se reporta grave de salud.<\/p>\n\n\n\n<figure class=\"wp-block-embed-twitter wp-block-embed is-type-rich is-provider-twitter\"><div class=\"wp-block-embed__wrapper\">\n<div class=\"twitter-tweet\"><blockquote class=\"twitter-tweet\" data-lang=\"es\"><p lang=\"es\" dir=\"ltr\"><a href=\"https:\/\/twitter.com\/hashtag\/OaxacaRojo?src=hash&amp;ref_src=twsrc%5Etfw\">#OaxacaRojo<\/a><br>Dspu\u00e9s de la visita del gobernador <a href=\"https:\/\/twitter.com\/alejandromurat?ref_src=twsrc%5Etfw\">@alejandromurat<\/a>, en Tuxtepec reinician los ataques armados. Esta tarde fue acribillado un individuo en la colonia Castillo; fue trasladado grave a un hospital de la Cuenca, donde hoy arrib\u00f3 la Carrera Panamericana. <br>Video: <a href=\"https:\/\/twitter.com\/ELPINERO?ref_src=twsrc%5Etfw\">@ELPINERO<\/a> <a href=\"https:\/\/t.co\/JeFjhS4sNa\">pic.twitter.com\/JeFjhS4sNa<\/a><\/p>&mdash; Zona Roja Oaxaca (@MexRoja) <a href=\"https:\/\/twitter.com\/MexRoja\/status\/1182821702235033600?ref_src=twsrc%5Etfw\">12 de octubre de 2019<\/a><\/blockquote><\/div>\n<\/div><\/figure>\n","protected":false},"excerpt":{"rendered":"<p>Ismael Garc\u00eda M. Oaxaca de Ju\u00e1rez, Oax., 11 de octubre de 2019.- Un profesor de&hellip;<\/p>\n","protected":false},"author":2,"featured_media":4750,"comment_status":"closed","ping_status":"open","sticky":false,"template":"","format":"standard","meta":{"_lmt_disableupdate":"","_lmt_disable":"","_jetpack_memberships_contains_paid_content":false,"footnotes":""},"categories":[109,51],"tags":[853,312],"class_list":["post-4749","post","type-post","status-publish","format-standard","has-post-thumbnail","hentry","category-minuto-a-minuto","category-zona-roja","tag-omar-flores-martinez","tag-seccion-22-del-snte"],"jetpack_featured_media_url":"https:\/\/zonaroja.com.mx\/wp-content\/uploads\/2019\/10\/92ad12ef-f2eb-4f89-a397-e8f01b109f71.jpg","jetpack_sharing_enabled":true,"_links":{"self":[{"href":"https:\/\/zonaroja.com.mx\/index.php?rest_route=\/wp\/v2\/posts\/4749","targetHints":{"allow":["GET"]}}],"collection":[{"href":"https:\/\/zonaroja.com.mx\/index.php?rest_route=\/wp\/v2\/posts"}],"about":[{"href":"https:\/\/zonaroja.com.mx\/index.php?rest_route=\/wp\/v2\/types\/post"}],"author":[{"embeddable":true,"href":"https:\/\/zonaroja.com.mx\/index.php?rest_route=\/wp\/v2\/users\/2"}],"replies":[{"embeddable":true,"href":"https:\/\/zonaroja.com.mx\/index.php?rest_route=%2Fwp%2Fv2%2Fcomments&post=4749"}],"version-history":[{"count":1,"href":"https:\/\/zonaroja.com.mx\/index.php?rest_route=\/wp\/v2\/posts\/4749\/revisions"}],"predecessor-version":[{"id":4751,"href":"https:\/\/zonaroja.com.mx\/index.php?rest_route=\/wp\/v2\/posts\/4749\/revisions\/4751"}],"wp:featuredmedia":[{"embeddable":true,"href":"https:\/\/zonaroja.com.mx\/index.php?rest_route=\/wp\/v2\/media\/4750"}],"wp:attachment":[{"href":"https:\/\/zonaroja.com.mx\/index.php?rest_route=%2Fwp%2Fv2%2Fmedia&parent=4749"}],"wp:term":[{"taxonomy":"category","embeddable":true,"href":"https:\/\/zonaroja.com.mx\/index.php?rest_route=%2Fwp%2Fv2%2Fcategories&post=4749"},{"taxonomy":"post_tag","embeddable":true,"href":"https:\/\/zonaroja.com.mx\/index.php?rest_route=%2Fwp%2Fv2%2Ftags&post=4749"}],"curies":[{"name":"wp","href":"https:\/\/api.w.org\/{rel}","templated":true}]}}