{"id":47492,"date":"2022-10-31T11:12:00","date_gmt":"2022-10-31T17:12:00","guid":{"rendered":"http:\/\/www.zonaroja.com.mx\/?p=47492"},"modified":"2022-10-31T08:21:34","modified_gmt":"2022-10-31T14:21:34","slug":"denuncian-negligencia-en-vicefiscalia-de-la-mixteca-a-un-ano-de-feminicidio","status":"publish","type":"post","link":"https:\/\/zonaroja.com.mx\/?p=47492","title":{"rendered":"Denuncian negligencia en Vicefiscal\u00eda de la Mixteca, a un a\u00f1o de feminicidio"},"content":{"rendered":"\n<p>Redacci\u00f3n\/Zona Roja.<\/p>\n\n\n\n<p>Oaxaca de Ju\u00e1rez, Oax., a 31 de octubre de 2022.- A un a\u00f1o del probable feminicidio de Alma Itzel Romero Garc\u00eda,\u00a0originaria de la comunidad de Morelos Itundujia, Santa Cruz Itundujia, hasta ahora no hay justicia.<\/p>\n\n\n\n<p>As\u00ed lo denunciaron familiares de la joven de 21 a\u00f1os de edad, que fue ultimada el 2 de noviembre de 2021, as\u00ed como la asociaci\u00f3n civil Centro de Derechos Humanos y Asesor\u00eda a Pueblos Ind\u00edgenas (Cedhapi).<\/p>\n\n\n\n<p>Tras concluir su bachillerato, en 2017, Alma Itzel emigr\u00f3 a trabajar en una f\u00e1brica en la ciudad de Tijuana, Baja California, con el sue\u00f1o de alg\u00fan d\u00eda poder estudiar la licenciatura en Gastronom\u00eda.\u00a0<\/p>\n\n\n\n<p>El d\u00eda 25 de octubre del 202, lleg\u00f3 a su comunidad de Morelos, Itundujia, para pasar con su familia la celebraci\u00f3n del \u201cD\u00eda de Muertos\u201d, por lo que un ex compa\u00f1ero del bachillerato la invit\u00f3 a la celebraci\u00f3n en la casa de su familia, ubicada en la comunidad&nbsp;&nbsp;de Victoria Itundujia.<\/p>\n\n\n\n<p>Por lo cual el d\u00eda 2 de noviembre un joven de nombre Arturo Ram\u00edrez Pe\u00f1a traslad\u00f3 a Alma Itzel a bordo de una motocicleta, llev\u00e1ndola a casa de los padres de su amigo Javier S\u00e1nchez para convivir por la festividad.&nbsp;<\/p>\n\n\n\n<p>Por la distancia y por lo accidentado del lugar Alma Itzel le mand\u00f3 mensajes a su mam\u00e1 para decirle que llegaba al otro d\u00eda 3 de noviembre, y desde ese momento no supo m\u00e1s de ella, por lo que el d\u00eda 7 de noviembre aproximadamente a las tres de la tarde, en el paraje conocido como \u201cEl Pescadillo\u00bb, Zaragoza, Santa Cruz Itundujia, Putla, Oaxaca, apareci\u00f3 el cuerpo sin vida de Alma Itzel Romero Garc\u00eda.&nbsp;<\/p>\n\n\n\n<p>De estos hechos se inici\u00f3 la Carpeta de investigaci\u00f3n&nbsp;34180\/FMIX\/FMUJ-TLAXIACO\/2020&nbsp;que actualmente se encuentra en la Fiscal\u00eda General de la Rep\u00fablica.<\/p>\n\n\n\n<p>Sin embargo, hasta el momento no se ha judicializado la Carpeta de Investigaci\u00f3n relativo al feminicidio de Alma Itzel Romero Garc\u00eda, el presunto responsable se encuentra detenido por otro delito y es posible que lo dejen en libertad, denunciaron los familiares.<\/p>\n\n\n\n<p>Adem\u00e1s, la fiscal encargada de la Fiscal\u00eda Especializada para la Atenci\u00f3n a Delitos Contra la Mujer por Raz\u00f3n de G\u00e9nero de la Ciudad&nbsp; de Tlaxiaco, dependiente de la Vicefiscal\u00eda Regi\u00f3n de la Mixteca, no ha efectuado las diligencias correspondientes para acreditar el delito.<\/p>\n","protected":false},"excerpt":{"rendered":"<p>Redacci\u00f3n\/Zona Roja. Oaxaca de Ju\u00e1rez, Oax., a 31 de octubre de 2022.- A un a\u00f1o&hellip;<\/p>\n","protected":false},"author":2,"featured_media":19925,"comment_status":"closed","ping_status":"open","sticky":false,"template":"","format":"standard","meta":{"_lmt_disableupdate":"","_lmt_disable":"","_jetpack_memberships_contains_paid_content":false,"footnotes":""},"categories":[109,47],"tags":[2186],"class_list":["post-47492","post","type-post","status-publish","format-standard","has-post-thumbnail","hentry","category-minuto-a-minuto","category-zona-gris","tag-alma-itzel-romero-garcia"],"jetpack_featured_media_url":"https:\/\/zonaroja.com.mx\/wp-content\/uploads\/2020\/11\/Sepelio-Alma-Itzel.jpg","jetpack_sharing_enabled":true,"_links":{"self":[{"href":"https:\/\/zonaroja.com.mx\/index.php?rest_route=\/wp\/v2\/posts\/47492","targetHints":{"allow":["GET"]}}],"collection":[{"href":"https:\/\/zonaroja.com.mx\/index.php?rest_route=\/wp\/v2\/posts"}],"about":[{"href":"https:\/\/zonaroja.com.mx\/index.php?rest_route=\/wp\/v2\/types\/post"}],"author":[{"embeddable":true,"href":"https:\/\/zonaroja.com.mx\/index.php?rest_route=\/wp\/v2\/users\/2"}],"replies":[{"embeddable":true,"href":"https:\/\/zonaroja.com.mx\/index.php?rest_route=%2Fwp%2Fv2%2Fcomments&post=47492"}],"version-history":[{"count":2,"href":"https:\/\/zonaroja.com.mx\/index.php?rest_route=\/wp\/v2\/posts\/47492\/revisions"}],"predecessor-version":[{"id":47495,"href":"https:\/\/zonaroja.com.mx\/index.php?rest_route=\/wp\/v2\/posts\/47492\/revisions\/47495"}],"wp:featuredmedia":[{"embeddable":true,"href":"https:\/\/zonaroja.com.mx\/index.php?rest_route=\/wp\/v2\/media\/19925"}],"wp:attachment":[{"href":"https:\/\/zonaroja.com.mx\/index.php?rest_route=%2Fwp%2Fv2%2Fmedia&parent=47492"}],"wp:term":[{"taxonomy":"category","embeddable":true,"href":"https:\/\/zonaroja.com.mx\/index.php?rest_route=%2Fwp%2Fv2%2Fcategories&post=47492"},{"taxonomy":"post_tag","embeddable":true,"href":"https:\/\/zonaroja.com.mx\/index.php?rest_route=%2Fwp%2Fv2%2Ftags&post=47492"}],"curies":[{"name":"wp","href":"https:\/\/api.w.org\/{rel}","templated":true}]}}