{"id":47497,"date":"2022-10-31T14:30:27","date_gmt":"2022-10-31T20:30:27","guid":{"rendered":"http:\/\/www.zonaroja.com.mx\/?p=47497"},"modified":"2022-10-31T14:30:30","modified_gmt":"2022-10-31T20:30:30","slug":"fracasa-modelo-de-recoleccion-de-basura-y-sindicato-estalla-en-paro","status":"publish","type":"post","link":"https:\/\/zonaroja.com.mx\/?p=47497","title":{"rendered":"Fracasa modelo de recolecci\u00f3n de basura y sindicato estalla en paro"},"content":{"rendered":"\n<p>Yuridiana Sosa\/Zona Roja.<\/p>\n\n\n\n<p>Oaxaca de Ju\u00e1rez, Oax., a 31 de octubre de 2022.- El servicio de recolecci\u00f3n de basura qued\u00f3 suspendido hasta nuevo aviso para la capital del estado. Ya no hay m\u00e1s espacio para tirar los desechos ni alternativas del gobierno municipal para hacerlo.<\/p>\n\n\n\n<p>El modelo de separaci\u00f3n y recolecci\u00f3n de residuos org\u00e1nicos implementado por la autoridad municipal de Oaxaca de Ju\u00e1rez, hasta este domingo recolectado, no pudo salvar del colapso al tiradero provisional e irregular abierto por la autoridad capitalina en un predio en ribera del r\u00edo \u201cSalado\u201d.<\/p>\n\n\n\n<p>Ante la falta de un tiradero -a 23 d\u00edas del cierre del ubicado en Villa de Zaachila-, el Sindicato de Trabajadores \u201c3 de Marzo\u201d par\u00f3 labores este lunes, y hasta nuevo aviso, pues no existen condiciones para seguir trabajando en levantar la basura, pues no hay espacio.<\/p>\n\n\n\n<p>Para exigir a la autoridad municipal que agilice la compra de un nuevo predio, los sindicalizados marcharon del monumento a la Madre a la Plaza de la Danza.<\/p>\n\n\n\n<figure class=\"wp-block-embed is-type-rich is-provider-twitter wp-block-embed-twitter\"><div class=\"wp-block-embed__wrapper\">\n<div class=\"twitter-tweet\"><blockquote class=\"twitter-tweet\" data-lang=\"es\"><p lang=\"es\" dir=\"ltr\"><a href=\"https:\/\/twitter.com\/hashtag\/%C3%9AltimoMinuto?src=hash&amp;ref_src=twsrc%5Etfw\">#\u00daltimoMinuto<\/a> <br>Termina la reuni\u00f3n a puerta cerrada entre el Sindicato \u201c3 de Marzo\u201d y el edil <a href=\"https:\/\/twitter.com\/FMartinezNeri?ref_src=twsrc%5Etfw\">@FMartinezNeri<\/a>.<br>No hay respuesta positiva a la apertura de un nuevo tiradero, por lo cual seguir\u00e1 el paro de labores indefinido.<br>Ma\u00f1ana habr\u00eda otra reuni\u00f3n, pero no vislumbran soluci\u00f3n. <a href=\"https:\/\/t.co\/N5q2IFQqbP\">pic.twitter.com\/N5q2IFQqbP<\/a><\/p>&mdash; Zona Roja Oaxaca (@ZonaRoja_Oaxaca) <a href=\"https:\/\/twitter.com\/ZonaRoja_Oaxaca\/status\/1587136693827665920?ref_src=twsrc%5Etfw\">31 de octubre de 2022<\/a><\/blockquote><\/div>\n<\/div><\/figure>\n\n\n\n<p>El presidente Francisco Mart\u00ednez Neri recibi\u00f3 al sindicato en una mesa de di\u00e1logo, sin la presencia de medios de comunicaci\u00f3n, pero no ofreci\u00f3 alternativas de soluci\u00f3n, ni propuestas sobre la compra de un predio,&nbsp; por lo que el paro continuar\u00e1 de manera indefinida, se\u00f1al\u00f3 el secretario general del sindicato, Bernab\u00e9 Baltazar D\u00edaz.<\/p>\n\n\n\n<p>\u201cNo hay nada. Es lamentable, ya van muchos d\u00edas que han pasado\u201d, expres\u00f3 el dirigente al salir de la breve reuni\u00f3n, en la que plantearon al ayuntamiento recuperar o reabrir el basurero en la Villa de Zaachila, el cual fue cerrado por exigencia de los habitantes que rodean dicho relleno sanitario, a pesar que es propiedad del gobierno de Oaxaca de Ju\u00e1rez.<\/p>\n\n\n\n<p>Baltazar D\u00edaz aclar\u00f3 a la ciudadan\u00eda que el paro no es a modo ni culpa de los trabajadores, sino una consecuencia de la nula actuaci\u00f3n del ayuntamiento de Mart\u00ednez Neri.<\/p>\n\n\n\n<p>En tanto, mientras los trabajadores exigen que el gobierno municipal busque una alternativa con el gobierno estatal saliente y entrante, el gobernador electo, Salom\u00f3n Jara Cruz, expres\u00f3 en entrevista colectiva que no puede intervenir porque a\u00fan no tiene facultades.<\/p>\n\n\n\n<p>Mientras se ponen de acuerdo las autoridades, la ciudadan\u00eda sufre la falta de recolecci\u00f3n y las calles de la ciudad se invaden de desechos en plenos fechas de \u201cD\u00eda de Muertos\u201d, donde miles de turistas visitan la capital del estado.<\/p>\n\n\n\n<figure class=\"wp-block-embed is-type-rich is-provider-twitter wp-block-embed-twitter\"><div class=\"wp-block-embed__wrapper\">\n<div class=\"twitter-tweet\"><blockquote class=\"twitter-tweet\" data-lang=\"es\"><p lang=\"es\" dir=\"ltr\"><a href=\"https:\/\/twitter.com\/hashtag\/ENVIVO?src=hash&amp;ref_src=twsrc%5Etfw\">#ENVIVO<\/a><br>Oaxaca de Ju\u00e1rez, Oax., a 31 de octubre de 2022.- Trabajadores del Sindicato \u201c3 de Marzo\u201d protestan en la capital ante inexistencia de tiradero para depositar desechos; hoy pararon labores.<br>Y a puerta cerrada realizan reuni\u00f3n con <a href=\"https:\/\/twitter.com\/FMartinezNeri?ref_src=twsrc%5Etfw\">@FMartinezNeri<\/a>.<a href=\"https:\/\/t.co\/ef3zzNTPyM\">https:\/\/t.co\/ef3zzNTPyM<\/a> <a href=\"https:\/\/t.co\/KVP3Gk0KDD\">pic.twitter.com\/KVP3Gk0KDD<\/a><\/p>&mdash; Zona Roja Oaxaca (@ZonaRoja_Oaxaca) <a href=\"https:\/\/twitter.com\/ZonaRoja_Oaxaca\/status\/1587124784441315330?ref_src=twsrc%5Etfw\">31 de octubre de 2022<\/a><\/blockquote><\/div>\n<\/div><\/figure>\n","protected":false},"excerpt":{"rendered":"<p>Yuridiana Sosa\/Zona Roja. Oaxaca de Ju\u00e1rez, Oax., a 31 de octubre de 2022.- El servicio&hellip;<\/p>\n","protected":false},"author":2,"featured_media":47498,"comment_status":"closed","ping_status":"open","sticky":false,"template":"","format":"standard","meta":{"_lmt_disableupdate":"","_lmt_disable":"","_jetpack_memberships_contains_paid_content":false,"footnotes":""},"categories":[109,47],"tags":[148],"class_list":["post-47497","post","type-post","status-publish","format-standard","has-post-thumbnail","hentry","category-minuto-a-minuto","category-zona-gris","tag-oaxaca-de-juarez"],"jetpack_featured_media_url":"https:\/\/zonaroja.com.mx\/wp-content\/uploads\/2022\/10\/Marcha-Sindicato-3-de-Marzo.jpg","jetpack_sharing_enabled":true,"_links":{"self":[{"href":"https:\/\/zonaroja.com.mx\/index.php?rest_route=\/wp\/v2\/posts\/47497","targetHints":{"allow":["GET"]}}],"collection":[{"href":"https:\/\/zonaroja.com.mx\/index.php?rest_route=\/wp\/v2\/posts"}],"about":[{"href":"https:\/\/zonaroja.com.mx\/index.php?rest_route=\/wp\/v2\/types\/post"}],"author":[{"embeddable":true,"href":"https:\/\/zonaroja.com.mx\/index.php?rest_route=\/wp\/v2\/users\/2"}],"replies":[{"embeddable":true,"href":"https:\/\/zonaroja.com.mx\/index.php?rest_route=%2Fwp%2Fv2%2Fcomments&post=47497"}],"version-history":[{"count":1,"href":"https:\/\/zonaroja.com.mx\/index.php?rest_route=\/wp\/v2\/posts\/47497\/revisions"}],"predecessor-version":[{"id":47499,"href":"https:\/\/zonaroja.com.mx\/index.php?rest_route=\/wp\/v2\/posts\/47497\/revisions\/47499"}],"wp:featuredmedia":[{"embeddable":true,"href":"https:\/\/zonaroja.com.mx\/index.php?rest_route=\/wp\/v2\/media\/47498"}],"wp:attachment":[{"href":"https:\/\/zonaroja.com.mx\/index.php?rest_route=%2Fwp%2Fv2%2Fmedia&parent=47497"}],"wp:term":[{"taxonomy":"category","embeddable":true,"href":"https:\/\/zonaroja.com.mx\/index.php?rest_route=%2Fwp%2Fv2%2Fcategories&post=47497"},{"taxonomy":"post_tag","embeddable":true,"href":"https:\/\/zonaroja.com.mx\/index.php?rest_route=%2Fwp%2Fv2%2Ftags&post=47497"}],"curies":[{"name":"wp","href":"https:\/\/api.w.org\/{rel}","templated":true}]}}