{"id":47500,"date":"2022-10-31T14:47:04","date_gmt":"2022-10-31T20:47:04","guid":{"rendered":"http:\/\/www.zonaroja.com.mx\/?p=47500"},"modified":"2022-10-31T14:47:06","modified_gmt":"2022-10-31T20:47:06","slug":"van-dos-ejecutados-este-lunes-en-oaxaca-uno-era-jefe-policiaco","status":"publish","type":"post","link":"https:\/\/zonaroja.com.mx\/?p=47500","title":{"rendered":"Van dos ejecutados este lunes en Oaxaca; uno era jefe policiaco"},"content":{"rendered":"\n<p>Ismael Garc\u00eda M.\/Zona Roja.<\/p>\n\n\n\n<p>Oaxaca de Ju\u00e1rez, Oax., a 31 de octubre de 2022.- Dos personas han sido asesinadas a balazos en el transcurso de este lunes en Oaxaca, una de las cuales era mando policiaco.<\/p>\n\n\n\n<p>En el municipio de M\u00e1rtires de Tacubaya, de la regi\u00f3n Costa, la madrugada de hoy fue ultimado el comandante de la polic\u00eda municipal.<\/p>\n\n\n\n<p>El crimen se perpetr\u00f3 en la localidad de El Naranjo y hasta el momento no se ha revelado la identidad de la v\u00edctima.<\/p>\n\n\n\n<p>Mientras que la ma\u00f1ana de hoy en la carretera a la comunidad de Loma Alta, a la altura del campo deportivo de la colonia El Pedregal de San Juan Bautista Tuxtepec, fue ejecutado un individuo, identificado de manera inicial como Francisco C.&nbsp;<\/p>\n\n\n\n<p>Al parecer se desempe\u00f1aba como trabajador del transporte urbano y a\u00fan se desconoce los motivos por los cuales fue ultimado.<\/p>\n\n\n\n<p>En tanto ayer, en el arroyo \u201cEl Chaluco\u201d de Santa Mar\u00eda Tonameca, fue localizado un cuerpo sin vida, de una persona del sexo masculino, de aproximadamente 45 a\u00f1os de edad.<\/p>\n\n\n\n<p>Hasta el momento no ha sido identificada, pues estaba en avanzado estado de descomposici\u00f3n.<\/p>\n","protected":false},"excerpt":{"rendered":"<p>Ismael Garc\u00eda M.\/Zona Roja. Oaxaca de Ju\u00e1rez, Oax., a 31 de octubre de 2022.- Dos&hellip;<\/p>\n","protected":false},"author":2,"featured_media":47501,"comment_status":"closed","ping_status":"open","sticky":false,"template":"","format":"standard","meta":{"_lmt_disableupdate":"","_lmt_disable":"","_jetpack_memberships_contains_paid_content":false,"footnotes":""},"categories":[109,51],"tags":[118],"class_list":["post-47500","post","type-post","status-publish","format-standard","has-post-thumbnail","hentry","category-minuto-a-minuto","category-zona-roja","tag-san-juan-bautista-tuxtepec"],"jetpack_featured_media_url":"https:\/\/zonaroja.com.mx\/wp-content\/uploads\/2022\/10\/Asesinado-en-Tuxtepec-.jpg","jetpack_sharing_enabled":true,"_links":{"self":[{"href":"https:\/\/zonaroja.com.mx\/index.php?rest_route=\/wp\/v2\/posts\/47500","targetHints":{"allow":["GET"]}}],"collection":[{"href":"https:\/\/zonaroja.com.mx\/index.php?rest_route=\/wp\/v2\/posts"}],"about":[{"href":"https:\/\/zonaroja.com.mx\/index.php?rest_route=\/wp\/v2\/types\/post"}],"author":[{"embeddable":true,"href":"https:\/\/zonaroja.com.mx\/index.php?rest_route=\/wp\/v2\/users\/2"}],"replies":[{"embeddable":true,"href":"https:\/\/zonaroja.com.mx\/index.php?rest_route=%2Fwp%2Fv2%2Fcomments&post=47500"}],"version-history":[{"count":1,"href":"https:\/\/zonaroja.com.mx\/index.php?rest_route=\/wp\/v2\/posts\/47500\/revisions"}],"predecessor-version":[{"id":47502,"href":"https:\/\/zonaroja.com.mx\/index.php?rest_route=\/wp\/v2\/posts\/47500\/revisions\/47502"}],"wp:featuredmedia":[{"embeddable":true,"href":"https:\/\/zonaroja.com.mx\/index.php?rest_route=\/wp\/v2\/media\/47501"}],"wp:attachment":[{"href":"https:\/\/zonaroja.com.mx\/index.php?rest_route=%2Fwp%2Fv2%2Fmedia&parent=47500"}],"wp:term":[{"taxonomy":"category","embeddable":true,"href":"https:\/\/zonaroja.com.mx\/index.php?rest_route=%2Fwp%2Fv2%2Fcategories&post=47500"},{"taxonomy":"post_tag","embeddable":true,"href":"https:\/\/zonaroja.com.mx\/index.php?rest_route=%2Fwp%2Fv2%2Ftags&post=47500"}],"curies":[{"name":"wp","href":"https:\/\/api.w.org\/{rel}","templated":true}]}}