{"id":47504,"date":"2022-10-31T18:59:03","date_gmt":"2022-11-01T00:59:03","guid":{"rendered":"http:\/\/www.zonaroja.com.mx\/?p=47504"},"modified":"2022-10-31T18:59:06","modified_gmt":"2022-11-01T00:59:06","slug":"titular-de-segob-llega-a-oaxaca-para-hablar-de-seguridad-y-hacer-proselitismo","status":"publish","type":"post","link":"https:\/\/zonaroja.com.mx\/?p=47504","title":{"rendered":"Titular de Segob llega a Oaxaca para hablar de seguridad\u2026 y hacer proselitismo"},"content":{"rendered":"\n<p>Yuridiana Sosa\/ Zona Roja.<\/p>\n\n\n\n<p>Oaxaca de Ju\u00e1rez, Oax-. 31 de octubre de 2022.- La seguridad del pa\u00eds bajo el nuevo modelo con la Guardia Nacional se convirti\u00f3 en el pretexto para que el titular de la Secretar\u00eda de Gobernaci\u00f3n (Segob), Ad\u00e1n Augusto L\u00f3pez, aspirante a la candidatura de la Presidencia de M\u00e9xico, iniciara acciones proselitistas en Oaxaca.<\/p>\n\n\n\n<p>En un acto pol\u00edtico m\u00e1s que informativo para la ciudadan\u00eda, as\u00ed como limitado para los simpatizantes de Morena, el presidenciable encabez\u00f3 la conferencia \u201cLa pol\u00edtica interior de la 4T, participaci\u00f3n de Fuerzas Armadas y seguridad p\u00fablica\u201d.<\/p>\n\n\n\n<p>Augusto L\u00f3pez fue recibido por el gobernador electo de Oaxaca, Salom\u00f3n Jara Cruz, y un pu\u00f1ado de pol\u00edticos de Morena cercanos al pr\u00f3ximo mandatario estatal; con bombo y platillo, afuera de un hotel de la capital, le dieron la bienvenida a pesar de m\u00e1s de dos horas de atraso.<\/p>\n\n\n\n<p>Adentro, cientos de personas \u2014varias de ellas acarreadas\u2014 esperaron la llegada, aunque la tardanza caus\u00f3 desinter\u00e9s durante la potencia en la que el titular de Segob no logr\u00f3 simpatizar ni atraer la atenci\u00f3n de los asistentes, que prefirieron dormitar o distraerse con su celular.<\/p>\n\n\n\n<p>Hizo su mayor esfuerzo para atraer la atenci\u00f3n, pero principalmente para elogiar al pr\u00f3ximo gobierno de Oaxaca y al Congreso de Oaxaca ante la presencia de la presidenta de la Junta de Coordinaci\u00f3n Pol\u00edtica, Laura Estrada.<\/p>\n\n\n\n<p>\u201cTodo va a ser distinto para Oaxaca. Se acab\u00f3 el glamour, va a ser una administraci\u00f3n para el pueblo\u201d, resalt\u00f3 el secretario de Gobernaci\u00f3n.<\/p>\n\n\n\n<p>As\u00ed como reconoci\u00f3 la participaci\u00f3n de la 64 Legislatura al aprobar la Ley a la Guardia Nacional que prolonga la presencia del Ej\u00e9rcito en las calles hasta el 2028.<\/p>\n\n\n\n<p>El secretario de gobernaci\u00f3n tambi\u00e9n tuvo un encuentro con el gobernador de Oaxaca, Alejandro Murat en Palacio de Gobierno, donde recorri\u00f3 el recinto y la oficina en donde despach\u00f3 Benito Ju\u00e1rez Garc\u00eda cuando gobern\u00f3 Oaxaca.<\/p>\n\n\n\n<figure class=\"wp-block-embed is-type-rich is-provider-twitter wp-block-embed-twitter\"><div class=\"wp-block-embed__wrapper\">\n<div class=\"twitter-tweet\"><blockquote class=\"twitter-tweet\" data-lang=\"es\"><p lang=\"es\" dir=\"ltr\"><a href=\"https:\/\/twitter.com\/hashtag\/%C3%9AltimoMinuto?src=hash&amp;ref_src=twsrc%5Etfw\">#\u00daltimoMinuto<\/a> <br>Con casi dos horas de retraso, llega el titular de <a href=\"https:\/\/twitter.com\/SEGOB_mx?ref_src=twsrc%5Etfw\">@SEGOB_mx<\/a>, <a href=\"https:\/\/twitter.com\/adan_augusto?ref_src=twsrc%5Etfw\">@adan_augusto<\/a>, a Oaxaca; fue recibido por el gobernador electo <a href=\"https:\/\/twitter.com\/salomonj?ref_src=twsrc%5Etfw\">@salomonj<\/a>.<br>El funcionario federal viene a un acto proselitista, con el pretexto de la Guardia Nacional. <a href=\"https:\/\/t.co\/c60Kd7tLDj\">pic.twitter.com\/c60Kd7tLDj<\/a><\/p>&mdash; Zona Roja Oaxaca (@ZonaRoja_Oaxaca) <a href=\"https:\/\/twitter.com\/ZonaRoja_Oaxaca\/status\/1587149328900046850?ref_src=twsrc%5Etfw\">31 de octubre de 2022<\/a><\/blockquote><\/div>\n<\/div><\/figure>\n","protected":false},"excerpt":{"rendered":"<p>Yuridiana Sosa\/ Zona Roja. Oaxaca de Ju\u00e1rez, Oax-. 31 de octubre de 2022.- La seguridad&hellip;<\/p>\n","protected":false},"author":2,"featured_media":47503,"comment_status":"closed","ping_status":"open","sticky":false,"template":"","format":"standard","meta":{"_lmt_disableupdate":"","_lmt_disable":"","_jetpack_memberships_contains_paid_content":false,"footnotes":""},"categories":[109,47],"tags":[3288],"class_list":["post-47504","post","type-post","status-publish","format-standard","has-post-thumbnail","hentry","category-minuto-a-minuto","category-zona-gris","tag-adan-augusto-lopez"],"jetpack_featured_media_url":"https:\/\/zonaroja.com.mx\/wp-content\/uploads\/2022\/10\/Adan-Augusto-Lopez-en-Oaxaca-con-Salomon-Jara.jpeg","jetpack_sharing_enabled":true,"_links":{"self":[{"href":"https:\/\/zonaroja.com.mx\/index.php?rest_route=\/wp\/v2\/posts\/47504","targetHints":{"allow":["GET"]}}],"collection":[{"href":"https:\/\/zonaroja.com.mx\/index.php?rest_route=\/wp\/v2\/posts"}],"about":[{"href":"https:\/\/zonaroja.com.mx\/index.php?rest_route=\/wp\/v2\/types\/post"}],"author":[{"embeddable":true,"href":"https:\/\/zonaroja.com.mx\/index.php?rest_route=\/wp\/v2\/users\/2"}],"replies":[{"embeddable":true,"href":"https:\/\/zonaroja.com.mx\/index.php?rest_route=%2Fwp%2Fv2%2Fcomments&post=47504"}],"version-history":[{"count":1,"href":"https:\/\/zonaroja.com.mx\/index.php?rest_route=\/wp\/v2\/posts\/47504\/revisions"}],"predecessor-version":[{"id":47505,"href":"https:\/\/zonaroja.com.mx\/index.php?rest_route=\/wp\/v2\/posts\/47504\/revisions\/47505"}],"wp:featuredmedia":[{"embeddable":true,"href":"https:\/\/zonaroja.com.mx\/index.php?rest_route=\/wp\/v2\/media\/47503"}],"wp:attachment":[{"href":"https:\/\/zonaroja.com.mx\/index.php?rest_route=%2Fwp%2Fv2%2Fmedia&parent=47504"}],"wp:term":[{"taxonomy":"category","embeddable":true,"href":"https:\/\/zonaroja.com.mx\/index.php?rest_route=%2Fwp%2Fv2%2Fcategories&post=47504"},{"taxonomy":"post_tag","embeddable":true,"href":"https:\/\/zonaroja.com.mx\/index.php?rest_route=%2Fwp%2Fv2%2Ftags&post=47504"}],"curies":[{"name":"wp","href":"https:\/\/api.w.org\/{rel}","templated":true}]}}