{"id":47506,"date":"2022-10-31T20:48:29","date_gmt":"2022-11-01T02:48:29","guid":{"rendered":"http:\/\/www.zonaroja.com.mx\/?p=47506"},"modified":"2022-10-31T20:48:31","modified_gmt":"2022-11-01T02:48:31","slug":"ignoro-segego-auxilio-desde-hace-5-meses-de-tiltepec-hoy-lloran-a-muertos","status":"publish","type":"post","link":"https:\/\/zonaroja.com.mx\/?p=47506","title":{"rendered":"Ignor\u00f3 Segego auxilio desde hace 5 meses de Tiltepec, hoy lloran a muertos"},"content":{"rendered":"\n<p>Yuridiana Sosa\/Zona Roja.<\/p>\n\n\n\n<p>Oaxaca de Ju\u00e1rez, Oax., 31 de octubre de 2022.- La Secretar\u00eda General de Gobierno de Oaxaca (Segego) acumula en su lista de desatenciones los l\u00edos agrarios en San Miguel Tiltepec, Ixtl\u00e1n de Ju\u00e1rez, en la Sierra Norte, pues a pesar de la advertencia y llamado de auxilio de la poblaci\u00f3n, este fin de semana fueron asesinados dos habitantes en una emboscada.<\/p>\n\n\n\n<p>Desde mayo pasado, la comunidad alert\u00f3 a la Segego sobre la privaci\u00f3n al libre tr\u00e1nsito y restricciones masivas de sus derechos a la salud y alimentaci\u00f3n que estaba causando el cierre de caminos por parte de la agencia de Santa Mar\u00eda La Luz.<\/p>\n\n\n\n<p>En un comunicado, la poblaci\u00f3n se\u00f1al\u00f3 que el 11 de mayo cumpl\u00edan 40 d\u00edas de bloqueo del camino que comunica a su comunidad con La Luz, en complicidad con la autoridad municipal de Ixtl\u00e1n de Ju\u00e1rez.<\/p>\n\n\n\n<p>El bloqueo imped\u00eda a los habitantes abastecimiento de alimentos a la tienda de Dinconsa, el ingreso de maestros para&nbsp; impartir clases de preescolar, primaria y Telesecundaria; as\u00ed&nbsp; como sin poder salir para recibir atenci\u00f3n m\u00e9dica y hospitalaria, adem\u00e1s que tambi\u00e9n se limit\u00f3 la labor de los campesinos.<\/p>\n\n\n\n<p>La tensa situaci\u00f3n caus\u00f3 una emboscada contra campesinos de San Miguel Tiltepec , con saldo de dos personas asesinadas por disparos de arma de fuego y una m\u00e1s lesionada de gravedad.<\/p>\n\n\n\n<p>Las v\u00edctimas hab\u00edan acudido este domingo a realizar sus compras a la localidad vecina de Santa Mar\u00eda Josaa, cuando fueron agredidas a balazos, presuntamente por pobladores de Santa Mar\u00eda La Luz.<\/p>\n\n\n\n<p>OTROS HECHOS<\/p>\n\n\n\n<p>Apenas la semana pasada, el 24 de octubre, se registr\u00f3 otra emboscada con saldo de cuatro personas muertas.<\/p>\n\n\n\n<p>El hecho ocurri\u00f3 contra habitantes de San Pedro Ocotepec, en la Sierra Norte, presuntamente por un conflicto agrario con San Juan Juquila Mixe, quienes habr\u00edan causado el ataque armado.<\/p>\n\n\n\n<p>Los habitantes de Ocotepec fueron atacados en el paraje \u201cEl Basurero\u00bb, cuando viajaban en un veh\u00edculo al crucero de la desviaci\u00f3n a Guadalupe Victoria, con el fin de reforzar un ret\u00e9n que mantiene para delimitar la zona lim\u00edtrofe.<\/p>\n","protected":false},"excerpt":{"rendered":"<p>Yuridiana Sosa\/Zona Roja. Oaxaca de Ju\u00e1rez, Oax., 31 de octubre de 2022.- La Secretar\u00eda General&hellip;<\/p>\n","protected":false},"author":2,"featured_media":47507,"comment_status":"closed","ping_status":"open","sticky":false,"template":"","format":"standard","meta":{"_lmt_disableupdate":"","_lmt_disable":"","_jetpack_memberships_contains_paid_content":false,"footnotes":""},"categories":[109,47],"tags":[2121],"class_list":["post-47506","post","type-post","status-publish","format-standard","has-post-thumbnail","hentry","category-minuto-a-minuto","category-zona-gris","tag-secretaria-general-de-gobierno-segego"],"jetpack_featured_media_url":"https:\/\/zonaroja.com.mx\/wp-content\/uploads\/2022\/10\/Caso-San-Miguel-Tiltepec.jpg","jetpack_sharing_enabled":true,"_links":{"self":[{"href":"https:\/\/zonaroja.com.mx\/index.php?rest_route=\/wp\/v2\/posts\/47506","targetHints":{"allow":["GET"]}}],"collection":[{"href":"https:\/\/zonaroja.com.mx\/index.php?rest_route=\/wp\/v2\/posts"}],"about":[{"href":"https:\/\/zonaroja.com.mx\/index.php?rest_route=\/wp\/v2\/types\/post"}],"author":[{"embeddable":true,"href":"https:\/\/zonaroja.com.mx\/index.php?rest_route=\/wp\/v2\/users\/2"}],"replies":[{"embeddable":true,"href":"https:\/\/zonaroja.com.mx\/index.php?rest_route=%2Fwp%2Fv2%2Fcomments&post=47506"}],"version-history":[{"count":1,"href":"https:\/\/zonaroja.com.mx\/index.php?rest_route=\/wp\/v2\/posts\/47506\/revisions"}],"predecessor-version":[{"id":47508,"href":"https:\/\/zonaroja.com.mx\/index.php?rest_route=\/wp\/v2\/posts\/47506\/revisions\/47508"}],"wp:featuredmedia":[{"embeddable":true,"href":"https:\/\/zonaroja.com.mx\/index.php?rest_route=\/wp\/v2\/media\/47507"}],"wp:attachment":[{"href":"https:\/\/zonaroja.com.mx\/index.php?rest_route=%2Fwp%2Fv2%2Fmedia&parent=47506"}],"wp:term":[{"taxonomy":"category","embeddable":true,"href":"https:\/\/zonaroja.com.mx\/index.php?rest_route=%2Fwp%2Fv2%2Fcategories&post=47506"},{"taxonomy":"post_tag","embeddable":true,"href":"https:\/\/zonaroja.com.mx\/index.php?rest_route=%2Fwp%2Fv2%2Ftags&post=47506"}],"curies":[{"name":"wp","href":"https:\/\/api.w.org\/{rel}","templated":true}]}}