{"id":47509,"date":"2022-10-31T21:23:29","date_gmt":"2022-11-01T03:23:29","guid":{"rendered":"http:\/\/www.zonaroja.com.mx\/?p=47509"},"modified":"2022-10-31T21:23:30","modified_gmt":"2022-11-01T03:23:30","slug":"dia-de-muertos-sangriento-en-oaxaca-ocho-asesinados-en-24-horas","status":"publish","type":"post","link":"https:\/\/zonaroja.com.mx\/?p=47509","title":{"rendered":"\u201cD\u00eda de Muertos\u201d sangriento en Oaxaca: ocho asesinados en 24 horas"},"content":{"rendered":"\n<p>Ismael Garc\u00eda M.\/Zona Roja.<\/p>\n\n\n\n<p>Oaxaca de Ju\u00e1rez, Oax., a 31 de octubre de 2022.- En el marco de la conmemoraci\u00f3n por el \u201cD\u00eda de Muertos\u201d, en Oaxaca se han registrado al menos ocho cr\u00edmenes en las \u00faltimas 24 horas.<\/p>\n\n\n\n<p>De los m\u00e1s recientes casos, este lunes en dos sitios distintos del municipio de Mat\u00edas Romero Avenda\u00f1o, fueron asesinados a balazos dos individuos-<\/p>\n\n\n\n<p>Un caso ocurri\u00f3 en un local comercial de la calle Primero de Mayo de la colonia Barrio Nuevo, donde fue ultimado Christopher C. P., de aproximadamente 26 a\u00f1os de edad.<\/p>\n\n\n\n<p>Mientras que en la colonia El Llanito, asesinaron al trabajador de una halconer\u00eda, identificado de manera preliminar como V\u00edctor Manuel N., de 26 a\u00f1os de edad.<\/p>\n\n\n\n<p>Como se inform\u00f3, esta tarde de hoy en el municipio de M\u00e1rtires de Tacubaya, fue ejecutado el comandante de la polic\u00eda municipal, mientras que en San Juan Bautista Tuxtepec fue ultimado un trabajador del volante.<\/p>\n\n\n\n<p>De los casos del domingo, anoche a un costado de la carretera federal 175, Oaxaca-Tuxtepec, en jurisdicci\u00f3n de Tlalixtac de Cabrera, fue hallado el cuerpo sin vida, con varios disparos de arma de fuego, de un individuo a\u00fan no identificado.<\/p>\n\n\n\n<p>Mientras que tambi\u00e9n ayer al mediod\u00eda pero en el municipio de Chahuites, fue asesinado a balazos un individuo cuyo cuerpo se hall\u00f3 en la colonia Guadalupe, a la altura del deportivo.<\/p>\n\n\n\n<p>La v\u00edctima fue identificada como Marco Antonio C. A., de aproximadamente 28 a\u00f1os de edad, productor de mango, y a\u00fan se desconoce qui\u00e9n o qui\u00e9nes le hayan quitado la vida.<\/p>\n\n\n\n<p>Mientras que, como se inform\u00f3 tambi\u00e9n, ayer al mediod\u00eda fueron emboscados campesinos de San Miguel Tiltepec, Ixtl\u00e1n de Ju\u00e1rez, lo que dio como resultado dos personas fallecidas y una m\u00e1s lesionada.<\/p>\n","protected":false},"excerpt":{"rendered":"<p>Ismael Garc\u00eda M.\/Zona Roja. Oaxaca de Ju\u00e1rez, Oax., a 31 de octubre de 2022.- En&hellip;<\/p>\n","protected":false},"author":2,"featured_media":15591,"comment_status":"closed","ping_status":"open","sticky":false,"template":"","format":"standard","meta":{"_lmt_disableupdate":"","_lmt_disable":"","_jetpack_memberships_contains_paid_content":false,"footnotes":""},"categories":[109,51],"tags":[228],"class_list":["post-47509","post","type-post","status-publish","format-standard","has-post-thumbnail","hentry","category-minuto-a-minuto","category-zona-roja","tag-matias-romero-avendano"],"jetpack_featured_media_url":"https:\/\/zonaroja.com.mx\/wp-content\/uploads\/2020\/07\/Escena-del-crimen-8.jpg","jetpack_sharing_enabled":true,"_links":{"self":[{"href":"https:\/\/zonaroja.com.mx\/index.php?rest_route=\/wp\/v2\/posts\/47509","targetHints":{"allow":["GET"]}}],"collection":[{"href":"https:\/\/zonaroja.com.mx\/index.php?rest_route=\/wp\/v2\/posts"}],"about":[{"href":"https:\/\/zonaroja.com.mx\/index.php?rest_route=\/wp\/v2\/types\/post"}],"author":[{"embeddable":true,"href":"https:\/\/zonaroja.com.mx\/index.php?rest_route=\/wp\/v2\/users\/2"}],"replies":[{"embeddable":true,"href":"https:\/\/zonaroja.com.mx\/index.php?rest_route=%2Fwp%2Fv2%2Fcomments&post=47509"}],"version-history":[{"count":1,"href":"https:\/\/zonaroja.com.mx\/index.php?rest_route=\/wp\/v2\/posts\/47509\/revisions"}],"predecessor-version":[{"id":47510,"href":"https:\/\/zonaroja.com.mx\/index.php?rest_route=\/wp\/v2\/posts\/47509\/revisions\/47510"}],"wp:featuredmedia":[{"embeddable":true,"href":"https:\/\/zonaroja.com.mx\/index.php?rest_route=\/wp\/v2\/media\/15591"}],"wp:attachment":[{"href":"https:\/\/zonaroja.com.mx\/index.php?rest_route=%2Fwp%2Fv2%2Fmedia&parent=47509"}],"wp:term":[{"taxonomy":"category","embeddable":true,"href":"https:\/\/zonaroja.com.mx\/index.php?rest_route=%2Fwp%2Fv2%2Fcategories&post=47509"},{"taxonomy":"post_tag","embeddable":true,"href":"https:\/\/zonaroja.com.mx\/index.php?rest_route=%2Fwp%2Fv2%2Ftags&post=47509"}],"curies":[{"name":"wp","href":"https:\/\/api.w.org\/{rel}","templated":true}]}}