{"id":47511,"date":"2022-10-31T22:12:09","date_gmt":"2022-11-01T04:12:09","guid":{"rendered":"http:\/\/www.zonaroja.com.mx\/?p=47511"},"modified":"2022-10-31T22:12:11","modified_gmt":"2022-11-01T04:12:11","slug":"tercer-dia-de-cobro-de-nueva-tarifa-y-la-semovi-utiliza-porros-para-amedrentar","status":"publish","type":"post","link":"https:\/\/zonaroja.com.mx\/?p=47511","title":{"rendered":"Tercer d\u00eda de cobro de nueva tarifa y la Semovi utiliza porros para amedrentar"},"content":{"rendered":"\n<p>Redacci\u00f3n\/Zona Roja.<\/p>\n\n\n\n<p>Oaxaca de Ju\u00e1rez, Oax., a 31 de octubre de 2022.- Por tercer d\u00eda consecutivo, diversas l\u00edneas de transporte p\u00fablico concesionado cobraron la nueva tarifa de 10 pesos en la ciudad de Oaxaca y zona metropolitana, sin contar con autorizaci\u00f3n.<\/p>\n\n\n\n<p>Y en lugar de aplicar sanciones y retener las unidades de motor que realizan el cobro de la ilegalidad, la titular de la Secretar\u00eda de Movilidad, Claudia Silva Fern\u00e1ndez, en contubernio con el rector de la UABJO, Cristian \u00c9der Carre\u00f1o, us\u00f3 \u201cporros\u201d para amedrentar a los transportistas.<\/p>\n\n\n\n<p>Este grupo de choque fue encabezado hoy por Francisco Vel\u00e1squez, apodado \u201cEl Sonrics\u201d, quien es trabajador afiliado al Sindicato de Trabajadores de la Universidad Aut\u00f3noma \u201cBenito Ju\u00e1rez\u201d de Oaxaca y ahora tambi\u00e9n funcionario universitario, con el cargo de director de Control del Patrimonio Universitario.<\/p>\n\n\n\n<p>\u201cNo estamos cayendo en actos vand\u00e1licos, simplemente estamos exhortando a ustedes que paguen ocho pesos, no paguen m\u00e1s\u201d, dijo \u201cEl Sonrics\u201d en repetidas ocasiones, al subir a autobuses para amedrentar a los choferes y exhortar a los usuarios a pagar \u00fanicamente ocho pesos.<\/p>\n\n\n\n<p>Pese a no tener ning\u00fan cargo oficial para este tipo de actividades, el \u201cporro\u201d universitario incluso ped\u00eda a los choferes del transporte urbano que devolvieran los dos pesos restantes.<\/p>\n\n\n\n<p>\u201cA ver, que le regresen; por favor chofer, regr\u00e9sale los dos pesos; aqu\u00ed est\u00e1 la ciudadan\u00eda que est\u00e1 denunciando. Regr\u00e9sele por favor su dinero\u201d, insist\u00eda el individuo, al recriminar al conductor el cobro extraordinario.<\/p>\n\n\n\n<p>\u201cP\u00e1rese se\u00f1ora, p\u00e1rese, para que le devuelvan los dos pesos; qui\u00e9n m\u00e1s, los estamos grabando para que vean. Y por favor sigan pagando ocho pesos; este es un apoyo de los universitarios para el pueblo oaxaque\u00f1o; no vamos a permitir que levanten el alza del pasaje; Dios los bendiga, cu\u00eddense mucho\u201d, termin\u00f3 el funcionario de la administraci\u00f3n de Cristian \u00c9der Carre\u00f1o, en actividades que realiz\u00f3 en inmediaciones de Ciudad Universitaria de la capital.<\/p>\n\n\n\n<p>En tanto, la Secretar\u00eda de Movilidad no emiti\u00f3 ning\u00fan comunicado al respecto ni la Polic\u00eda Vial actu\u00f3 para frenar los cobros indebidos como la actuaci\u00f3n de universitarios contra los choferes de los urbanos.<\/p>\n\n\n\n<figure class=\"wp-block-embed is-type-rich is-provider-twitter wp-block-embed-twitter\"><div class=\"wp-block-embed__wrapper\">\n<div class=\"twitter-tweet\"><blockquote class=\"twitter-tweet\" data-lang=\"es\"><p lang=\"es\" dir=\"ltr\">2. Y uno de dos \u201cporros\u201d que utilizan la <a href=\"https:\/\/twitter.com\/SEMOVI_GobOax?ref_src=twsrc%5Etfw\">@SEMOVI_GobOax<\/a> y la <a href=\"https:\/\/twitter.com\/UABJO?ref_src=twsrc%5Etfw\">@UABJO<\/a> es Francisco Vel\u00e1zquez, alias \u201cEl Sonrics\u201d, quien adem\u00e1s es funcionario universitario; recientemente desempe\u00f1\u00f3 tambi\u00e9n un cargo en el STEUABJO. <a href=\"https:\/\/t.co\/0xmTh4smCw\">pic.twitter.com\/0xmTh4smCw<\/a><\/p>&mdash; Zona Roja Oaxaca (@ZonaRoja_Oaxaca) <a href=\"https:\/\/twitter.com\/ZonaRoja_Oaxaca\/status\/1587245823968026632?ref_src=twsrc%5Etfw\">1 de noviembre de 2022<\/a><\/blockquote><\/div>\n<\/div><\/figure>\n","protected":false},"excerpt":{"rendered":"<p>Redacci\u00f3n\/Zona Roja. Oaxaca de Ju\u00e1rez, Oax., a 31 de octubre de 2022.- Por tercer d\u00eda&hellip;<\/p>\n","protected":false},"author":2,"featured_media":47512,"comment_status":"closed","ping_status":"open","sticky":false,"template":"","format":"standard","meta":{"_lmt_disableupdate":"","_lmt_disable":"","_jetpack_memberships_contains_paid_content":false,"footnotes":""},"categories":[109,47],"tags":[],"class_list":["post-47511","post","type-post","status-publish","format-standard","has-post-thumbnail","hentry","category-minuto-a-minuto","category-zona-gris"],"jetpack_featured_media_url":"https:\/\/zonaroja.com.mx\/wp-content\/uploads\/2022\/10\/Pasaje-transporte-10-pesos-Oaxaca.jpg","jetpack_sharing_enabled":true,"_links":{"self":[{"href":"https:\/\/zonaroja.com.mx\/index.php?rest_route=\/wp\/v2\/posts\/47511","targetHints":{"allow":["GET"]}}],"collection":[{"href":"https:\/\/zonaroja.com.mx\/index.php?rest_route=\/wp\/v2\/posts"}],"about":[{"href":"https:\/\/zonaroja.com.mx\/index.php?rest_route=\/wp\/v2\/types\/post"}],"author":[{"embeddable":true,"href":"https:\/\/zonaroja.com.mx\/index.php?rest_route=\/wp\/v2\/users\/2"}],"replies":[{"embeddable":true,"href":"https:\/\/zonaroja.com.mx\/index.php?rest_route=%2Fwp%2Fv2%2Fcomments&post=47511"}],"version-history":[{"count":1,"href":"https:\/\/zonaroja.com.mx\/index.php?rest_route=\/wp\/v2\/posts\/47511\/revisions"}],"predecessor-version":[{"id":47513,"href":"https:\/\/zonaroja.com.mx\/index.php?rest_route=\/wp\/v2\/posts\/47511\/revisions\/47513"}],"wp:featuredmedia":[{"embeddable":true,"href":"https:\/\/zonaroja.com.mx\/index.php?rest_route=\/wp\/v2\/media\/47512"}],"wp:attachment":[{"href":"https:\/\/zonaroja.com.mx\/index.php?rest_route=%2Fwp%2Fv2%2Fmedia&parent=47511"}],"wp:term":[{"taxonomy":"category","embeddable":true,"href":"https:\/\/zonaroja.com.mx\/index.php?rest_route=%2Fwp%2Fv2%2Fcategories&post=47511"},{"taxonomy":"post_tag","embeddable":true,"href":"https:\/\/zonaroja.com.mx\/index.php?rest_route=%2Fwp%2Fv2%2Ftags&post=47511"}],"curies":[{"name":"wp","href":"https:\/\/api.w.org\/{rel}","templated":true}]}}