{"id":47514,"date":"2022-11-01T06:52:27","date_gmt":"2022-11-01T12:52:27","guid":{"rendered":"http:\/\/www.zonaroja.com.mx\/?p=47514"},"modified":"2022-11-01T06:52:28","modified_gmt":"2022-11-01T12:52:28","slug":"vuelve-violencia-de-normalistas-queman-vehiculos-en-michoacan","status":"publish","type":"post","link":"https:\/\/zonaroja.com.mx\/?p=47514","title":{"rendered":"Vuelve violencia de normalistas: queman veh\u00edculos en Michoac\u00e1n"},"content":{"rendered":"\n<p>Redacci\u00f3n\/Zona Roja Cdmx.<\/p>\n\n\n\n<p>Ciudad de M\u00e9xico, a 1 de noviembre de 2022.- Supuestos normalistas se apoderaron ayer de varios veh\u00edculos y posteriormente les prendieron fuego en una carretera de Michoac\u00e1n.&nbsp;<\/p>\n\n\n\n<p>A trav\u00e9s de las grabaciones que circularon en redes sociales se pudo ver la quema de las unidades y algunas de las consignas que escribieron encima de ellas.<\/p>\n\n\n\n<p>De acuerdo con medios locales, fueron por lo menos 10 veh\u00edculos los que fueron incendiados con el objetivo de que liberaran a sus compa\u00f1eros. Seg\u00fan los reportes los hechos sucedieron sobre la carretera Uruapan-Carapan durante el lunes 31 de octubre.<\/p>\n\n\n\n<p>\u201cLiberaci\u00f3n a nuestros compa\u00f1eros presos pol\u00edticos, \u00a1Libertad!\u201d, fueron algunas de las consignas que rayaron sobre las unidades.&nbsp;<\/p>\n\n\n\n<p>Cabe resaltar que algunos de los autom\u00f3viles afectados pertenec\u00edan a empresas privadas de comida o frituras.<\/p>\n\n\n\n<p>Las unidades robadas fueron reunidas en un tramo carretero para bloquear las v\u00edas de comunicaci\u00f3n y les prendieron fuego.&nbsp;<\/p>\n\n\n\n<p>De acuerdo con los reportes locales los normalistas exigieron que sus compa\u00f1eros, que se encuentran en prisi\u00f3n preventiva en el Cereso de Uruapan, fueran liberados. Adem\u00e1s algunos reportes se\u00f1alaron que los agresores tambi\u00e9n exigieron plazas.<\/p>\n\n\n\n<p>El gobernador de la entidad Alfredro Ram\u00edrez Bonilla ha declarado que no habr\u00e1 venta de plazas. Cabe recordar que el pasado jueves 27 de octubre fueron detenidos tres normalistas, quienes fueron identificados como Cecilia, Miguel y Jos\u00e9 Luis.<\/p>\n\n\n\n<p>Varios usuarios de redes sociales pudieron captar el momento en que las llamas consum\u00edan las unidades en el ramo carretero.<\/p>\n\n\n\n<p>Hace algunos d\u00edas, en el marco de las manifestaciones tras 8 a\u00f1os de la desaparici\u00f3n forzada de 43 estudiantes de la escuela normal rural Isidro Burgos en Iguala, Guerrero, padres, madres y familiares de las v\u00edctimas se conglomeraron el domingo 25 de septiembre en el Hemiciclo a Ju\u00e1rez, Ciudad de M\u00e9xico.<\/p>\n\n\n\n<p>La Avenida Ju\u00e1rez fue completamente bloqueada y resguardada por elementos de la Secretar\u00eda de Seguridad Ciudadana de capital (SSC).<\/p>\n\n\n\n<p>Cabe recordar que apenas el pasado domingo 29 de octubre se inform\u00f3 de la detenci\u00f3n de Leonardo Octavio \u201cV\u201d \u201cP\u201d, quien fungi\u00f3 como secretario de Seguridad en el estado de Guerrero, cuando se dio la desaparici\u00f3n de 43 estudiantes de la escuela normal rural Isidro Burgos.<\/p>\n\n\n\n<p>(Informaci\u00f3n de Infobae M\u00e9xico)<\/p>\n","protected":false},"excerpt":{"rendered":"<p>Redacci\u00f3n\/Zona Roja Cdmx. Ciudad de M\u00e9xico, a 1 de noviembre de 2022.- Supuestos normalistas se&hellip;<\/p>\n","protected":false},"author":2,"featured_media":47515,"comment_status":"closed","ping_status":"open","sticky":false,"template":"","format":"standard","meta":{"_lmt_disableupdate":"","_lmt_disable":"","_jetpack_memberships_contains_paid_content":false,"footnotes":""},"categories":[109,47],"tags":[622],"class_list":["post-47514","post","type-post","status-publish","format-standard","has-post-thumbnail","hentry","category-minuto-a-minuto","category-zona-gris","tag-michoacan"],"jetpack_featured_media_url":"https:\/\/zonaroja.com.mx\/wp-content\/uploads\/2022\/11\/Incendios-normalistas.jpeg","jetpack_sharing_enabled":true,"_links":{"self":[{"href":"https:\/\/zonaroja.com.mx\/index.php?rest_route=\/wp\/v2\/posts\/47514","targetHints":{"allow":["GET"]}}],"collection":[{"href":"https:\/\/zonaroja.com.mx\/index.php?rest_route=\/wp\/v2\/posts"}],"about":[{"href":"https:\/\/zonaroja.com.mx\/index.php?rest_route=\/wp\/v2\/types\/post"}],"author":[{"embeddable":true,"href":"https:\/\/zonaroja.com.mx\/index.php?rest_route=\/wp\/v2\/users\/2"}],"replies":[{"embeddable":true,"href":"https:\/\/zonaroja.com.mx\/index.php?rest_route=%2Fwp%2Fv2%2Fcomments&post=47514"}],"version-history":[{"count":1,"href":"https:\/\/zonaroja.com.mx\/index.php?rest_route=\/wp\/v2\/posts\/47514\/revisions"}],"predecessor-version":[{"id":47516,"href":"https:\/\/zonaroja.com.mx\/index.php?rest_route=\/wp\/v2\/posts\/47514\/revisions\/47516"}],"wp:featuredmedia":[{"embeddable":true,"href":"https:\/\/zonaroja.com.mx\/index.php?rest_route=\/wp\/v2\/media\/47515"}],"wp:attachment":[{"href":"https:\/\/zonaroja.com.mx\/index.php?rest_route=%2Fwp%2Fv2%2Fmedia&parent=47514"}],"wp:term":[{"taxonomy":"category","embeddable":true,"href":"https:\/\/zonaroja.com.mx\/index.php?rest_route=%2Fwp%2Fv2%2Fcategories&post=47514"},{"taxonomy":"post_tag","embeddable":true,"href":"https:\/\/zonaroja.com.mx\/index.php?rest_route=%2Fwp%2Fv2%2Ftags&post=47514"}],"curies":[{"name":"wp","href":"https:\/\/api.w.org\/{rel}","templated":true}]}}