{"id":47517,"date":"2022-11-02T13:00:00","date_gmt":"2022-11-02T19:00:00","guid":{"rendered":"http:\/\/www.zonaroja.com.mx\/?p=47517"},"modified":"2022-11-01T06:56:56","modified_gmt":"2022-11-01T12:56:56","slug":"opinion-quien-gobierna","status":"publish","type":"post","link":"https:\/\/zonaroja.com.mx\/?p=47517","title":{"rendered":"Opini\u00f3n.\u00bfQui\u00e9n gobierna?"},"content":{"rendered":"\n<p>Gibr\u00e1n Ram\u00edrez Reyes*<\/p>\n\n\n\n<p>Durante muchos a\u00f1os se ha alimentado la impresi\u00f3n de que el Presidente es muy trabajador. Esto fue, sin duda, realidad.&nbsp;<\/p>\n\n\n\n<p>Numerosos medios de comunicaci\u00f3n registraron sus jornadas al frente de la jefatura de Gobierno del Distrito Federal, reuniones diarias con el gabinete de seguridad, conferencias matutinas que comenzaban m\u00e1s temprano que las actuales, las actividades que ten\u00eda hasta altas horas de la noche.&nbsp;<\/p>\n\n\n\n<p>Su equipo de esos a\u00f1os confirma que nadie pod\u00eda seguirle el ritmo&nbsp;y, por eso, los colaboradores alternaban en su acompa\u00f1amiento.&nbsp;<\/p>\n\n\n\n<p>AMLO se acababa los zapatos cada pocos meses, caminaba las obras prioritarias (se distingui\u00f3 por terminar todas las que los anteriores gobiernos de la capital hab\u00edan dejado inconclusas), se reun\u00eda con empresarios, ten\u00eda acuerdos con todos los miembros de su gabinete, convocaba a funcionarios intermedios y menores, revisaba cada conflicto o movilizaci\u00f3n social y sus demandas.&nbsp;<\/p>\n\n\n\n<p>Esa imagen fue la que le consigui\u00f3 al gobernante su aprobaci\u00f3n superior a 90 por ciento y, sumada a su haza\u00f1a de recorrer todos los municipios de M\u00e9xico, conformaron parte importante del mito del dirigente incansable y excepcional.&nbsp;<\/p>\n\n\n\n<p>El mito vive ya solamente en los incondicionales del Presidente, cada vez menos, cada vez de mayor edad.&nbsp;<\/p>\n\n\n\n<p>Los papeles de la Sedena han proporcionado datos precisos que deben ser asimilados para hablar de temas relevantes que permanec\u00edan invisibles. Sandra Romand\u00eda revis\u00f3 recientemente las agendas presidenciales entre 2019 y 2022, y encontr\u00f3 que las \u00fanicas actividades permanentes son el gabinete de seguridad \u2014en el que a veces se tratan otros temas\u2014 y la conferencia de prensa matutina.<\/p>\n\n\n\n<p>En tiempos libres, el Presidente incluye a veces actos protocolarios. Adem\u00e1s, la preparaci\u00f3n presidencial de la ma\u00f1anera suele iniciar desde antes de las cinco de la tarde del d\u00eda anterior con la informaci\u00f3n que su gabinete le env\u00eda.&nbsp;<\/p>\n\n\n\n<p>Es decir, la mayor parte de su tiempo, el jefe de Estado prepara el gui\u00f3n y realiza su programa de tele&nbsp;y, en los espacios restantes, se re\u00fane con pocos secretarios de Estado e inaugura cosas, varias de ellas inconclusas (como el tramo carretero entre la Pera y Cuautla, recientemente).&nbsp;<\/p>\n\n\n\n<p>M\u00e1s que preguntarnos sobre el estilo personal de gobernar de AMLO deber\u00edamos preguntarnos \u00bfqui\u00e9n gobierna y qu\u00e9 est\u00e1 haciendo? Sin duda, la respuesta incluir\u00eda a Julio Scherer, Luis Sandoval, Jes\u00fas Ram\u00edrez, Ad\u00e1n L\u00f3pez.<\/p>\n\n\n\n<p>La decisi\u00f3n m\u00e1s relevante de AMLO fue qui\u00e9n lo acompa\u00f1ar\u00eda a gobernar; las transferencias y los megaproyectos, sus \u00fanicas prioridades.&nbsp;<\/p>\n\n\n\n<p>Nadie duda del oficio electoral del Presidente. Su acci\u00f3n de gobierno, opuesta al L\u00f3pez Obrador de 2000 a 2006 hace, sin embargo, que se recuerde la falta de oficio gobernante de Miguel de la Madrid, quien reconoci\u00f3 en sus memorias haber llegado a la Presidencia esperando tener autoridad indiscutible, operaci\u00f3n puntual de sus indicaciones e informaci\u00f3n completa proveniente de su equipo.&nbsp;<\/p>\n\n\n\n<p>A cambio, descubri\u00f3 que dominaban \u201cla improvisaci\u00f3n, la vanidad, la incompetencia, los problemas de comunicaci\u00f3n y, por lo tanto, un penoso desacato a sus \u00f3rdenes1\u201d. \u00bfQui\u00e9n gobierna?, \u00bfqu\u00e9 est\u00e1 haciendo?&nbsp;<\/p>\n\n\n\n<p>Lo dice Rogelio Hern\u00e1ndez Rodr\u00edguez en su reciente libro sobre el oficio pol\u00edtico de la \u00e9lite gobernante, editado por El Colegio de M\u00e9xico en 2022.<\/p>\n\n\n\n<p>*Doctor en ciencia pol\u00edtica por la UNAM.<\/p>\n\n\n\n<p>@gibranrr&nbsp;<\/p>\n","protected":false},"excerpt":{"rendered":"<p>Gibr\u00e1n Ram\u00edrez Reyes* Durante muchos a\u00f1os se ha alimentado la impresi\u00f3n de que el Presidente&hellip;<\/p>\n","protected":false},"author":2,"featured_media":41734,"comment_status":"closed","ping_status":"open","sticky":false,"template":"","format":"standard","meta":{"_lmt_disableupdate":"","_lmt_disable":"","_jetpack_memberships_contains_paid_content":false,"footnotes":""},"categories":[456,109],"tags":[2489],"class_list":["post-47517","post","type-post","status-publish","format-standard","has-post-thumbnail","hentry","category-columna","category-minuto-a-minuto","tag-gibran-ramirez-reyes"],"jetpack_featured_media_url":"https:\/\/zonaroja.com.mx\/wp-content\/uploads\/2022\/05\/Opinion-Gibran-Ramirez-Reyes.jpg","jetpack_sharing_enabled":true,"_links":{"self":[{"href":"https:\/\/zonaroja.com.mx\/index.php?rest_route=\/wp\/v2\/posts\/47517","targetHints":{"allow":["GET"]}}],"collection":[{"href":"https:\/\/zonaroja.com.mx\/index.php?rest_route=\/wp\/v2\/posts"}],"about":[{"href":"https:\/\/zonaroja.com.mx\/index.php?rest_route=\/wp\/v2\/types\/post"}],"author":[{"embeddable":true,"href":"https:\/\/zonaroja.com.mx\/index.php?rest_route=\/wp\/v2\/users\/2"}],"replies":[{"embeddable":true,"href":"https:\/\/zonaroja.com.mx\/index.php?rest_route=%2Fwp%2Fv2%2Fcomments&post=47517"}],"version-history":[{"count":1,"href":"https:\/\/zonaroja.com.mx\/index.php?rest_route=\/wp\/v2\/posts\/47517\/revisions"}],"predecessor-version":[{"id":47518,"href":"https:\/\/zonaroja.com.mx\/index.php?rest_route=\/wp\/v2\/posts\/47517\/revisions\/47518"}],"wp:featuredmedia":[{"embeddable":true,"href":"https:\/\/zonaroja.com.mx\/index.php?rest_route=\/wp\/v2\/media\/41734"}],"wp:attachment":[{"href":"https:\/\/zonaroja.com.mx\/index.php?rest_route=%2Fwp%2Fv2%2Fmedia&parent=47517"}],"wp:term":[{"taxonomy":"category","embeddable":true,"href":"https:\/\/zonaroja.com.mx\/index.php?rest_route=%2Fwp%2Fv2%2Fcategories&post=47517"},{"taxonomy":"post_tag","embeddable":true,"href":"https:\/\/zonaroja.com.mx\/index.php?rest_route=%2Fwp%2Fv2%2Ftags&post=47517"}],"curies":[{"name":"wp","href":"https:\/\/api.w.org\/{rel}","templated":true}]}}