{"id":47521,"date":"2022-11-01T10:19:00","date_gmt":"2022-11-01T16:19:00","guid":{"rendered":"http:\/\/www.zonaroja.com.mx\/?p=47521"},"modified":"2022-11-01T07:20:34","modified_gmt":"2022-11-01T13:20:34","slug":"avanza-segunda-etapa-del-centro-de-convivencia-familiar-y-escuela-judicial","status":"publish","type":"post","link":"https:\/\/zonaroja.com.mx\/?p=47521","title":{"rendered":"Avanza segunda etapa del Centro de  Convivencia Familiar y Escuela Judicial"},"content":{"rendered":"\n<p>Redacci\u00f3n\/Zona Roja.<\/p>\n\n\n\n<p>Oaxaca de Ju\u00e1rez, Oax., a 1 de noviembre de 2022.- El titular del Poder Judicial del Estado, magistrado Eduardo Pinacho S\u00e1nchez,&nbsp;supervis\u00f3 los avances&nbsp;en&nbsp;la&nbsp;construcci\u00f3n del Edificio&nbsp;Resiliente&nbsp;de la Escuela Judicial, primer plantel en Oaxaca antis\u00edsmico y que contar\u00e1 con un sistema de seguridad estructural,&nbsp;el cual&nbsp;adem\u00e1s de fortalecer la&nbsp;funci\u00f3n educativa y acad\u00e9mica,&nbsp;permitir\u00e1&nbsp;atender un tema de la m\u00e1s alta sensibilidad como es la convivencia entre madres, padres e hijos, para restaurar la paz familiar.&nbsp;<\/p>\n\n\n\n<p>Lo anterior,&nbsp;ya&nbsp;que,&nbsp;como parte de este proyecto, se&nbsp;contempla que las nuevas instalaciones&nbsp;sean&nbsp;la sede del Centro de Convivencia Familiar con&nbsp;un sal\u00f3n de tareas y&nbsp;una ludoteca, con la finalidad&nbsp;de que se cuente con un espacio para que los progenitores que&nbsp;por&nbsp;procedimientos&nbsp;judiciales tienen&nbsp;que ser separados de sus hijas e hijos,&nbsp;puedan convivir&nbsp;en condiciones apropiadas&nbsp;y dignas, lo que coadyuvar\u00e1 a reconstruir entre ellos una relaci\u00f3n m\u00e1s adecuada.<\/p>\n\n\n\n<p>El nuevo edificio&nbsp;que&nbsp;se&nbsp;construye&nbsp;en un predio anexo al Centro&nbsp;Recreativo del Poder Judicial&nbsp;ubicado en Tlalixtac de Cabrera, contar\u00e1 con siete aulas, vest\u00edbulo, cub\u00edculos, m\u00f3dulos sanitarios y cisterna. Su ejecuci\u00f3n se encuentra validada por el&nbsp;Instituto Nacional de la Infraestructura F\u00edsica Educativa (INIFED).<\/p>\n\n\n\n<p>En entrevista, el magistrado Pinacho S\u00e1nchez explic\u00f3 que&nbsp;se trata de una obra paradigm\u00e1tica donde tambi\u00e9n se tiene contemplado ubicar a los juzgados familiares del Centro&nbsp;como parte de los proyectos de dignificaci\u00f3n de espacios y avanzar en un sistema de justicia m\u00e1s eficiente y moderno que garantice la atenci\u00f3n adecuada a la sociedad.&nbsp;<\/p>\n\n\n\n<p>Durante el recorrido por el inmueble, el titular del Poder Judicial del Estado fue informado que&nbsp;la obra&nbsp;cuenta con 25 aisladores que soportan una carga de hasta 534 toneladas, adem\u00e1s de que en esta segunda etapa se han ocupado m\u00e1s de 254 toneladas&nbsp;de acero y m\u00e1s de&nbsp;mil&nbsp;221&nbsp;metros c\u00fabicos&nbsp;de concreto, as\u00ed como&nbsp;cinco mil&nbsp;663 metros cuadrados&nbsp;de cimbra.<\/p>\n","protected":false},"excerpt":{"rendered":"<p>Redacci\u00f3n\/Zona Roja. Oaxaca de Ju\u00e1rez, Oax., a 1 de noviembre de 2022.- El titular del&hellip;<\/p>\n","protected":false},"author":2,"featured_media":47522,"comment_status":"closed","ping_status":"open","sticky":false,"template":"","format":"standard","meta":{"_lmt_disableupdate":"","_lmt_disable":"","_jetpack_memberships_contains_paid_content":false,"footnotes":""},"categories":[109,46],"tags":[223],"class_list":["post-47521","post","type-post","status-publish","format-standard","has-post-thumbnail","hentry","category-minuto-a-minuto","category-zona-blanca","tag-poder-judicial-de-oaxaca"],"jetpack_featured_media_url":"https:\/\/zonaroja.com.mx\/wp-content\/uploads\/2022\/11\/Avanzan-obras-del-moderno-inmueble.jpg","jetpack_sharing_enabled":true,"_links":{"self":[{"href":"https:\/\/zonaroja.com.mx\/index.php?rest_route=\/wp\/v2\/posts\/47521","targetHints":{"allow":["GET"]}}],"collection":[{"href":"https:\/\/zonaroja.com.mx\/index.php?rest_route=\/wp\/v2\/posts"}],"about":[{"href":"https:\/\/zonaroja.com.mx\/index.php?rest_route=\/wp\/v2\/types\/post"}],"author":[{"embeddable":true,"href":"https:\/\/zonaroja.com.mx\/index.php?rest_route=\/wp\/v2\/users\/2"}],"replies":[{"embeddable":true,"href":"https:\/\/zonaroja.com.mx\/index.php?rest_route=%2Fwp%2Fv2%2Fcomments&post=47521"}],"version-history":[{"count":1,"href":"https:\/\/zonaroja.com.mx\/index.php?rest_route=\/wp\/v2\/posts\/47521\/revisions"}],"predecessor-version":[{"id":47523,"href":"https:\/\/zonaroja.com.mx\/index.php?rest_route=\/wp\/v2\/posts\/47521\/revisions\/47523"}],"wp:featuredmedia":[{"embeddable":true,"href":"https:\/\/zonaroja.com.mx\/index.php?rest_route=\/wp\/v2\/media\/47522"}],"wp:attachment":[{"href":"https:\/\/zonaroja.com.mx\/index.php?rest_route=%2Fwp%2Fv2%2Fmedia&parent=47521"}],"wp:term":[{"taxonomy":"category","embeddable":true,"href":"https:\/\/zonaroja.com.mx\/index.php?rest_route=%2Fwp%2Fv2%2Fcategories&post=47521"},{"taxonomy":"post_tag","embeddable":true,"href":"https:\/\/zonaroja.com.mx\/index.php?rest_route=%2Fwp%2Fv2%2Ftags&post=47521"}],"curies":[{"name":"wp","href":"https:\/\/api.w.org\/{rel}","templated":true}]}}