{"id":47524,"date":"2022-11-01T11:20:00","date_gmt":"2022-11-01T17:20:00","guid":{"rendered":"http:\/\/www.zonaroja.com.mx\/?p=47524"},"modified":"2022-11-01T07:41:53","modified_gmt":"2022-11-01T13:41:53","slug":"pueblos-afroamexicanos-de-oaxaca-y-guerrero-demandan-derechos-plenos","status":"publish","type":"post","link":"https:\/\/zonaroja.com.mx\/?p=47524","title":{"rendered":"Pueblos afroamexicanos de Oaxaca y Guerrero demandan derechos plenos"},"content":{"rendered":"\n<p>Redacci\u00f3n\/Zona Roja.<\/p>\n\n\n\n<p>Oaxaca de Ju\u00e1rez Oax., a 1 de noviembre de 2022.- En el marco del d\u00eda del Pueblo Negro Afromexicano de&nbsp;Oaxaca, organismos civiles y pueblos de la costa de Oaxaca y de Guerrero demandaron respeto pleno a sus derechos constitucionales.<\/p>\n\n\n\n<p>El pasado fin de semana se efectu\u00f3 en Santiago Pinotepa Nacional el foro \u201cReflexiones hacia el&nbsp;ejercicio pleno de los derechos de las comunidades y pueblo afromexicano e ind\u00edgenas de Oaxaca y Guerrero\u201d, tras lo cual emitieron un pronunciamiento.<\/p>\n\n\n\n<p>Entre otros, acordaron&nbsp;articular&nbsp;estrategias desde las&nbsp;comunidades y organizaciones que luchan para que se garanticen los derechos de los pueblos ind\u00edgenas y afromexicano&nbsp;y con ello&nbsp;avanzar en&nbsp;el ejercicio pleno de derechos y la libre determinaci\u00f3n.&nbsp;<\/p>\n\n\n\n<p>\u201cAnte la muy tard\u00eda pero reciente inclusi\u00f3n constitucional&nbsp;del pueblo afromexicano y a dos a\u00f1os de concluir el Decenio Internacional de las&nbsp;Personas&nbsp;Afrodescendientes, proclamado por la&nbsp;Organizaci\u00f3n de las Naciones Unidas (ONU), poco se ha avanzado&nbsp;y los logros son insuficientes,&nbsp;ya que&nbsp;en la realidad que viven las comunidades&nbsp;no&nbsp;hay&nbsp;aplicaci\u00f3n de pol\u00edticas p\u00fablicas focalizadas&nbsp;y&nbsp;adecuadas,&nbsp;que dignifiquen la calidad de vida de las personas afromexicanas\u201d, expusieron.<\/p>\n\n\n\n<p>Se pronunciaron en contra de la violencia generalizada, el racismo y la discriminacion racial que afecta de manera particular a las mujeres ind\u00edgenas y afromexicanas, por medio del machismo y el patriarcado que se vive en la Costa Chica.&nbsp;<\/p>\n\n\n\n<p>Por la articulaci\u00f3n del movimiento afromexicano, donde tengan cabida todas las expresiones, bajo la bandera de la defensa del territorio, la vida y la comunidad.&nbsp;<\/p>\n\n\n\n<p>Cuestionan las pol\u00edticas p\u00fablicas racistas y excluyentes, as\u00ed como los programas de desarrollo econ\u00f3mico y los megaproyectos que el Estado ha impulsado, generando la exclusi\u00f3n y&nbsp;la fragmentaci\u00f3n de&nbsp;la&nbsp;organizaci\u00f3n&nbsp;comunitaria de los pueblos y erosionando los procesos de tomas de decisiones.<\/p>\n\n\n\n<p>\u201cNos oponemos a todas las formas de criminalizaci\u00f3n y espionaje que ejerce el Estado en contra de las y los comunicadores, periodistas y defensores del territorio\u201d detallaron.<\/p>\n\n\n\n<p>Se pronunciaron igualmente por el asesinato de&nbsp;Filogonio Mart\u00ednez Merino, ocurrido el pasado 26 de octubre, quien dedic\u00f3 su&nbsp;vida&nbsp;a ser&nbsp;defensor ambiental y del r\u00edo \u201cVerde\u201d en Oaxaca, opositor al&nbsp;proyecto hidroel\u00e9ctrico&nbsp;de Paso de la Reyna.<\/p>\n\n\n\n<p>Respaldaron tambi\u00e9n la existencia de la Universidad Aut\u00f3noma Comunal de Oaxaca&nbsp;(UACO),&nbsp;siendo&nbsp;un proyecto&nbsp;que surgi\u00f3&nbsp;por Decreto del Congreso del Estado de Oaxaca en 2020 que se&nbsp;est\u00e1 implementando desde las&nbsp;mismas&nbsp;comunidades.<\/p>\n\n\n\n<p>Llamaron a los pueblos y comunidades a que se sumen a este proceso reflexivo y de exigencia de que se presente ante el Congreso de la Uni\u00f3n la reforma constitucional federal, para garantizar&nbsp;de manera plena&nbsp;los derechos de los pueblos ind\u00edgenas y afromexicanos, as\u00ed como la exigencia para que la actual legislatura de Oaxaca apruebe la reforma constitucional local para garantizar&nbsp;plenamente&nbsp;el derecho al territorio.<\/p>\n\n\n\n<p>Entre otros organismos y pueblos, firman el pronunciamiento Mima A. C., P\u00farpura A. C., REMCO; Afroidoam\u00e9rica Red Global Antirracista; Afrocosta; Colectivo Muafro; Fundar, Serapaz, Servicios del Pueblo Mixe; Alianza C\u00edvica de Pinotepa Nacional.<\/p>\n\n\n\n<p>San Nicol\u00e1s Guerrero, Consejo Afroamexicano de Villa de Tututepec, Red de Mujeres Afrolatinoamericanas, por mencionar a algunos m\u00e1s.<\/p>\n","protected":false},"excerpt":{"rendered":"<p>Redacci\u00f3n\/Zona Roja. Oaxaca de Ju\u00e1rez Oax., a 1 de noviembre de 2022.- En el marco&hellip;<\/p>\n","protected":false},"author":2,"featured_media":47525,"comment_status":"closed","ping_status":"open","sticky":false,"template":"","format":"standard","meta":{"_lmt_disableupdate":"","_lmt_disable":"","_jetpack_memberships_contains_paid_content":false,"footnotes":""},"categories":[109,46],"tags":[],"class_list":["post-47524","post","type-post","status-publish","format-standard","has-post-thumbnail","hentry","category-minuto-a-minuto","category-zona-blanca"],"jetpack_featured_media_url":"https:\/\/zonaroja.com.mx\/wp-content\/uploads\/2022\/11\/Reunion-pueblos-afromexicanos-en-Pinotepa.jpg","jetpack_sharing_enabled":true,"_links":{"self":[{"href":"https:\/\/zonaroja.com.mx\/index.php?rest_route=\/wp\/v2\/posts\/47524","targetHints":{"allow":["GET"]}}],"collection":[{"href":"https:\/\/zonaroja.com.mx\/index.php?rest_route=\/wp\/v2\/posts"}],"about":[{"href":"https:\/\/zonaroja.com.mx\/index.php?rest_route=\/wp\/v2\/types\/post"}],"author":[{"embeddable":true,"href":"https:\/\/zonaroja.com.mx\/index.php?rest_route=\/wp\/v2\/users\/2"}],"replies":[{"embeddable":true,"href":"https:\/\/zonaroja.com.mx\/index.php?rest_route=%2Fwp%2Fv2%2Fcomments&post=47524"}],"version-history":[{"count":1,"href":"https:\/\/zonaroja.com.mx\/index.php?rest_route=\/wp\/v2\/posts\/47524\/revisions"}],"predecessor-version":[{"id":47526,"href":"https:\/\/zonaroja.com.mx\/index.php?rest_route=\/wp\/v2\/posts\/47524\/revisions\/47526"}],"wp:featuredmedia":[{"embeddable":true,"href":"https:\/\/zonaroja.com.mx\/index.php?rest_route=\/wp\/v2\/media\/47525"}],"wp:attachment":[{"href":"https:\/\/zonaroja.com.mx\/index.php?rest_route=%2Fwp%2Fv2%2Fmedia&parent=47524"}],"wp:term":[{"taxonomy":"category","embeddable":true,"href":"https:\/\/zonaroja.com.mx\/index.php?rest_route=%2Fwp%2Fv2%2Fcategories&post=47524"},{"taxonomy":"post_tag","embeddable":true,"href":"https:\/\/zonaroja.com.mx\/index.php?rest_route=%2Fwp%2Fv2%2Ftags&post=47524"}],"curies":[{"name":"wp","href":"https:\/\/api.w.org\/{rel}","templated":true}]}}