{"id":47529,"date":"2022-11-01T08:18:55","date_gmt":"2022-11-01T14:18:55","guid":{"rendered":"http:\/\/www.zonaroja.com.mx\/?p=47529"},"modified":"2022-11-01T08:18:57","modified_gmt":"2022-11-01T14:18:57","slug":"lucra-san-agustin-etla-con-muerteadas-y-realiza-excesivos-cobros","status":"publish","type":"post","link":"https:\/\/zonaroja.com.mx\/?p=47529","title":{"rendered":"Lucra San Agust\u00edn, Etla, con \u201cmuerteadas\u201d y realiza excesivos cobros"},"content":{"rendered":"\n<p>Redacci\u00f3n\/Zona Roja.<\/p>\n\n\n\n<p>Oaxaca de Ju\u00e1rez, a 1 de noviembre de 2022.- Las tradicionales \u201cmuerteadas\u201d por el \u201cD\u00eda de Muertos en San Agust\u00edn, Etla, Oaxaca, ya es un negocio millonario.<\/p>\n\n\n\n<p>El barrio de San Jos\u00e9 Vista Hermosa emiti\u00f3 un reglamento para la festividad de este a\u00f1o, tras dos a\u00f1os de pandemia, en que plantea cobros excesivos.<\/p>\n\n\n\n<p>Por ejemplo, el ingreso a la \u201cmuerteada\u201d -desfile con m\u00fasica y disfrazados por las calles de la localidad- ser\u00e1 de 800 pesos, para lo cual la autoridad municipal y los organizadores otorgar\u00e1n un distintivo.<\/p>\n\n\n\n<p>\u201cLos participantes deber\u00e1n esforzarse en portar su m\u00e1scara y trajes acordes a la tradici\u00f3n y durante la \u201cmuerteada\u201d, para dar mayor realce a la misma. \ufeffLos organizadores s\u00f3lo son responsables de los participantes y m\u00fasicos. \ufeff\ufeff\ufeffLos participantes que lleguen en el transcurso del evento pagar\u00e1n el total del costo por su participaci\u00f3n\u201d, refiere un documento oficial.<\/p>\n\n\n\n<p>Adem\u00e1s, aquellos que porten m\u00e1scaras, maquillaje o alg\u00fan tipo de disfraz, tendr\u00e1n que hacer el pago de la cuota establecida.<\/p>\n\n\n\n<p>\u201c\ufeff\ufeff\ufeffLas personas que deseen fotografiar, filmar, o documentar la \u2018muerteada\u2019, tendr\u00e1n que solicitar el permiso a los organizadores, cubrir la cuota correspondiente y hacerse acreedores al gafete oficial que les faculta realizar cualquiera de las actividades mencionadas a este punto. De lo contrario los organizadores est\u00e1n facultados para decomisar el equipo que este siendo utilizado\u201d.<\/p>\n\n\n\n<p>Agrega que todos los participantes de la \u201cmuerteada\u201d Barrio San Jos\u00e9 2022 que se presenten en estado inconveniente, se les retirar\u00e1 el disfraz, independientemente que hayan cubierto la cuota establecida.<\/p>\n\n\n\n<p>\ufeff\ufeff\ufeff\ufeff\u201dTodos los participantes que no respeten el punto anterior, ser\u00e1n remitidos a la c\u00e1rcel municipal y acreedores a la falta administrativa impuesta por el&nbsp; ayuntamiento y organizadores de la \u2018muerteada\u2019\u201d.<\/p>\n\n\n\n<p>Las medidas impuestas incluyen a los periodistas locales, nacionales y extranjeros.<\/p>\n\n\n\n<p>San Agust\u00edn, Etla, se localiza a unos 25 kil\u00f3metros al oriente de la capital y sus festividades por el \u201cD\u00eda de Muertos\u201d, son una de las m\u00e1s relevantes en la entidad.<\/p>\n","protected":false},"excerpt":{"rendered":"<p>Redacci\u00f3n\/Zona Roja. Oaxaca de Ju\u00e1rez, a 1 de noviembre de 2022.- Las tradicionales \u201cmuerteadas\u201d por&hellip;<\/p>\n","protected":false},"author":2,"featured_media":47530,"comment_status":"closed","ping_status":"open","sticky":false,"template":"","format":"standard","meta":{"_lmt_disableupdate":"","_lmt_disable":"","_jetpack_memberships_contains_paid_content":false,"footnotes":""},"categories":[109,47],"tags":[940],"class_list":["post-47529","post","type-post","status-publish","format-standard","has-post-thumbnail","hentry","category-minuto-a-minuto","category-zona-gris","tag-san-agustin-etla"],"jetpack_featured_media_url":"https:\/\/zonaroja.com.mx\/wp-content\/uploads\/2022\/11\/Muerteada-San-Agustin-Etla.jpeg","jetpack_sharing_enabled":true,"_links":{"self":[{"href":"https:\/\/zonaroja.com.mx\/index.php?rest_route=\/wp\/v2\/posts\/47529","targetHints":{"allow":["GET"]}}],"collection":[{"href":"https:\/\/zonaroja.com.mx\/index.php?rest_route=\/wp\/v2\/posts"}],"about":[{"href":"https:\/\/zonaroja.com.mx\/index.php?rest_route=\/wp\/v2\/types\/post"}],"author":[{"embeddable":true,"href":"https:\/\/zonaroja.com.mx\/index.php?rest_route=\/wp\/v2\/users\/2"}],"replies":[{"embeddable":true,"href":"https:\/\/zonaroja.com.mx\/index.php?rest_route=%2Fwp%2Fv2%2Fcomments&post=47529"}],"version-history":[{"count":1,"href":"https:\/\/zonaroja.com.mx\/index.php?rest_route=\/wp\/v2\/posts\/47529\/revisions"}],"predecessor-version":[{"id":47531,"href":"https:\/\/zonaroja.com.mx\/index.php?rest_route=\/wp\/v2\/posts\/47529\/revisions\/47531"}],"wp:featuredmedia":[{"embeddable":true,"href":"https:\/\/zonaroja.com.mx\/index.php?rest_route=\/wp\/v2\/media\/47530"}],"wp:attachment":[{"href":"https:\/\/zonaroja.com.mx\/index.php?rest_route=%2Fwp%2Fv2%2Fmedia&parent=47529"}],"wp:term":[{"taxonomy":"category","embeddable":true,"href":"https:\/\/zonaroja.com.mx\/index.php?rest_route=%2Fwp%2Fv2%2Fcategories&post=47529"},{"taxonomy":"post_tag","embeddable":true,"href":"https:\/\/zonaroja.com.mx\/index.php?rest_route=%2Fwp%2Fv2%2Ftags&post=47529"}],"curies":[{"name":"wp","href":"https:\/\/api.w.org\/{rel}","templated":true}]}}