{"id":47535,"date":"2022-11-01T15:30:40","date_gmt":"2022-11-01T21:30:40","guid":{"rendered":"http:\/\/www.zonaroja.com.mx\/?p=47535"},"modified":"2022-11-01T15:30:41","modified_gmt":"2022-11-01T21:30:41","slug":"caso-ayotzinapa-retrocesos-y-mentiras-dice-giei","status":"publish","type":"post","link":"https:\/\/zonaroja.com.mx\/?p=47535","title":{"rendered":"Caso Ayotzinapa: retrocesos y mentiras, dice GIEI"},"content":{"rendered":"\n<p>Redacci\u00f3n\/Zona Roja Cdmx.<\/p>\n\n\n\n<p>Ciudad de M\u00e9xico, a 1 de noviembre de 2022.- En el caso de los 43 normalistas de Ayotzinapa no se puede confirmar la veracidad de las capturas de pantalla&nbsp;de los mensajes de WhatsApp que presuntamente se enviaron los involucrados en la desaparici\u00f3n, concluy\u00f3 el Grupo Interdisciplinario de Expertos Independientes (GIEI).<\/p>\n\n\n\n<p>Dichas capturas forman parte del informe presentado, el pasado 18 de agosto por Alejandro Encinas, subsecretario de Derechos Humanos de la Secretar\u00eda de Gobernaci\u00f3n (Segob) y titular de la Comisi\u00f3n para la Verdad y el Acceso a la Justicia (CoVAJ) para este caso.<\/p>\n\n\n\n<p>\u201cSe determina que no es posible garantizar la originalidad de los mensajes que fueron capturados en im\u00e1genes, o mediante registro fotogr\u00e1fico, ya que no se puede determinar mediante el estudio de la metadata de los ficheros su autenticidad, dado que no es posible verificar la fecha de creaci\u00f3n original del mensaje, mediante la herramienta Exiftool.<\/p>\n\n\n\n<p>\u201cTampoco es posible identificar el tipo de dispositivo (celular) donde se encuentra configurada la cuenta de WhatsApp de la cual se realiz\u00f3 la copia tipo screenshot objeto del an\u00e1lisis forense solicitado\u201d, explic\u00f3 Francisco Cox Vial, integrante del GIEI.<\/p>\n\n\n\n<p>El especialista detall\u00f3 otras inconsistencias detectadas en las capturas de pantalla que proporcion\u00f3 la CoVAJ, como funciones de la aplicaci\u00f3n que no operaban en septiembre de 2014 o inconsistencia en las fechas de creaci\u00f3n.<\/p>\n\n\n\n<p>\u201cEl \u2018doble check azul\u2019 en algunos mensajes capturados mediante screenshot aparentemente en octubre de 2014, opci\u00f3n que permite la verificaci\u00f3n de lectura del mensaje por parte del receptor, no es coherente ya que esta funcionalidad fue incorporada en la App el 20 de noviembre de 2014.<\/p>\n\n\n\n<p>\u201cSe evidencian varios mensajes que fueron enviados en fechas posteriores a la generaci\u00f3n del Screenshot, o sea la fecha de generaci\u00f3n de la imagen es anterior a las fechas de creaci\u00f3n y envi\u00f3 de los mensajes\u201d, detall\u00f3 Cox Vial.<\/p>\n\n\n\n<p>\u00c1ngeles Mar\u00eda Buitrago, Claudia Paz y Paz, Carlos Mart\u00edn Beristain y Cox Vial ofrecieron una conferencia de presenta, la sede de la Comisi\u00f3n de Derechos Humanos de la Ciudad de M\u00e9xico (CDHCM), en donde informaron de las inconsistencias detectadas en el informe de la CoVAJ y condicionaron su permanencia como grupo coadyuvante en la investigaci\u00f3n de los hechos ocurridos en Iguala, Guerrero, el 26 y 27 de septiembre de 2014.<\/p>\n\n\n\n<p>\u201cEl grupo ha tomado la decisi\u00f3n de proponer a las autoridades mexicanas, a la CIDH (Comisi\u00f3n Interamericana de Derechos Humanos) y a los familiares y representantes, una medida transitoria de que dos de sus miembros sigan adelante con el desarrollo del mandato, mientras otros dos se retiran del caso.<\/p>\n\n\n\n<p>\u201cDicha decisi\u00f3n es en principio por los pr\u00f3ximos dos meses mientras se realiza una evaluaci\u00f3n global del caso y el seguimiento de la situaci\u00f3n de los familiares. En esta propuesta se mantiene el acuerdo internacional y se suman algunas condiciones que han sido se\u00f1aladas en esta presentaci\u00f3n p\u00fablica y documento\u201d, inform\u00f3 Beristain.<\/p>\n\n\n\n<p>Se indic\u00f3 que Buitrago y Beristain permanecer\u00e1n en M\u00e9xico como enlace con los nuevos integrantes de la Fiscal\u00eda Especial para el Caso Ayotzinapa, de la Fiscal\u00eda General de la Rep\u00fablica (FGR).<\/p>\n\n\n\n<p>(Informaci\u00f3n de \u201cExc\u00e9lsior\u201d)<\/p>\n","protected":false},"excerpt":{"rendered":"<p>Redacci\u00f3n\/Zona Roja Cdmx. Ciudad de M\u00e9xico, a 1 de noviembre de 2022.- En el caso&hellip;<\/p>\n","protected":false},"author":2,"featured_media":6058,"comment_status":"closed","ping_status":"open","sticky":false,"template":"","format":"standard","meta":{"_lmt_disableupdate":"","_lmt_disable":"","_jetpack_memberships_contains_paid_content":false,"footnotes":""},"categories":[109,47],"tags":[1816],"class_list":["post-47535","post","type-post","status-publish","format-standard","has-post-thumbnail","hentry","category-minuto-a-minuto","category-zona-gris","tag-43-desaparecidos-ayotzinapa"],"jetpack_featured_media_url":"https:\/\/zonaroja.com.mx\/wp-content\/uploads\/2019\/11\/Ayotzinapa.jpg","jetpack_sharing_enabled":true,"_links":{"self":[{"href":"https:\/\/zonaroja.com.mx\/index.php?rest_route=\/wp\/v2\/posts\/47535","targetHints":{"allow":["GET"]}}],"collection":[{"href":"https:\/\/zonaroja.com.mx\/index.php?rest_route=\/wp\/v2\/posts"}],"about":[{"href":"https:\/\/zonaroja.com.mx\/index.php?rest_route=\/wp\/v2\/types\/post"}],"author":[{"embeddable":true,"href":"https:\/\/zonaroja.com.mx\/index.php?rest_route=\/wp\/v2\/users\/2"}],"replies":[{"embeddable":true,"href":"https:\/\/zonaroja.com.mx\/index.php?rest_route=%2Fwp%2Fv2%2Fcomments&post=47535"}],"version-history":[{"count":1,"href":"https:\/\/zonaroja.com.mx\/index.php?rest_route=\/wp\/v2\/posts\/47535\/revisions"}],"predecessor-version":[{"id":47536,"href":"https:\/\/zonaroja.com.mx\/index.php?rest_route=\/wp\/v2\/posts\/47535\/revisions\/47536"}],"wp:featuredmedia":[{"embeddable":true,"href":"https:\/\/zonaroja.com.mx\/index.php?rest_route=\/wp\/v2\/media\/6058"}],"wp:attachment":[{"href":"https:\/\/zonaroja.com.mx\/index.php?rest_route=%2Fwp%2Fv2%2Fmedia&parent=47535"}],"wp:term":[{"taxonomy":"category","embeddable":true,"href":"https:\/\/zonaroja.com.mx\/index.php?rest_route=%2Fwp%2Fv2%2Fcategories&post=47535"},{"taxonomy":"post_tag","embeddable":true,"href":"https:\/\/zonaroja.com.mx\/index.php?rest_route=%2Fwp%2Fv2%2Ftags&post=47535"}],"curies":[{"name":"wp","href":"https:\/\/api.w.org\/{rel}","templated":true}]}}