{"id":47538,"date":"2022-11-01T17:58:47","date_gmt":"2022-11-01T23:58:47","guid":{"rendered":"https:\/\/www.zonaroja.com.mx\/?p=47538"},"modified":"2022-11-01T17:58:49","modified_gmt":"2022-11-01T23:58:49","slug":"union-de-comunidades-serranas-exige-intervencion-federal-en-conflicto-agrario-en-ixtlan","status":"publish","type":"post","link":"https:\/\/zonaroja.com.mx\/?p=47538","title":{"rendered":"Uni\u00f3n de comunidades serranas exige intervenci\u00f3n federal en conflicto agrario en Ixtl\u00e1n"},"content":{"rendered":"\n<p>Yuridiana Sosa\/ Zona Roja.<\/p>\n\n\n\n<p>Oaxaca de Ju\u00e1rez, Oax., 1 de noviembre de 2022.- Autoridades municipales de la Sierra Norte de Oaxaca exigieron al gobierno federal y estatal su intervenci\u00f3n, para dar fin al conflicto agrario entre las comunidades vecinas de San Miguel Tiltepec y Santa Mar\u00eda La Luz, de Ixtl\u00e1n de Ju\u00e1rez, que dej\u00f3 como saldo dos personas asesinadas el pasado 30 de octubre.<\/p>\n\n\n\n<p>Las autoridades que integran la Uni\u00f3n de Comunidades Ind\u00edgenas del Sector Rinc\u00f3n Alto de la Sierra Ju\u00e1rez, reconocieron que el ayuntamiento de Ixtl\u00e1n de Ju\u00e1rez no ha intervenido para solucionar el l\u00edo o dar alternativas para pacificar la situaci\u00f3n.<\/p>\n\n\n\n<p>La demanda de intervenci\u00f3n federal la firmaron autoridades auxiliares de Ixtl\u00e1n, como Santa Mar\u00eda Zoogochi, Santa Cruz Yagavila, Santa Mar\u00eda Josaa, Santa Mar\u00eda Teotlasco y San Juan Yagila, as\u00ed como de San Juan Tepanzacoalco y de San Pedro Yareni \u2013comunidad y municipio- pertenecientes al distrito de Ixtl\u00e1n. <\/p>\n\n\n\n<p>Las autoridades lamentaron la tragedia y esperan que la respuesta del gobierno federal, y de organismo nacionales competentes, sea oportuna antes que se registren m\u00e1s hechos violentos con saldos lamentables.&nbsp;<\/p>\n\n\n\n<p>El pasado 30 de octubre, campesinos de San Miguel Tiltepec fueron v\u00edctimas de una emboscada en la que dos ciudadanos fueron asesinados por disparos de arma de fuego y una m\u00e1s lesionada de gravedad.<\/p>\n\n\n\n<p>Las v\u00edctimas hab\u00edan acudido a realizar sus compras a la localidad vecina de Santa Mar\u00eda Josaa cuando fueron agredidas a balazos, presuntamente por pobladores de Santa Mar\u00eda La Luz.<\/p>\n","protected":false},"excerpt":{"rendered":"<p>Yuridiana Sosa\/ Zona Roja. Oaxaca de Ju\u00e1rez, Oax., 1 de noviembre de 2022.- Autoridades municipales&hellip;<\/p>\n","protected":false},"author":2,"featured_media":47537,"comment_status":"closed","ping_status":"open","sticky":false,"template":"","format":"standard","meta":{"_lmt_disableupdate":"","_lmt_disable":"","_jetpack_memberships_contains_paid_content":false,"footnotes":""},"categories":[1,47],"tags":[],"class_list":["post-47538","post","type-post","status-publish","format-standard","has-post-thumbnail","hentry","category-sin-categoria","category-zona-gris"],"jetpack_featured_media_url":"https:\/\/zonaroja.com.mx\/wp-content\/uploads\/2022\/11\/img_6064.jpg","jetpack_sharing_enabled":true,"_links":{"self":[{"href":"https:\/\/zonaroja.com.mx\/index.php?rest_route=\/wp\/v2\/posts\/47538","targetHints":{"allow":["GET"]}}],"collection":[{"href":"https:\/\/zonaroja.com.mx\/index.php?rest_route=\/wp\/v2\/posts"}],"about":[{"href":"https:\/\/zonaroja.com.mx\/index.php?rest_route=\/wp\/v2\/types\/post"}],"author":[{"embeddable":true,"href":"https:\/\/zonaroja.com.mx\/index.php?rest_route=\/wp\/v2\/users\/2"}],"replies":[{"embeddable":true,"href":"https:\/\/zonaroja.com.mx\/index.php?rest_route=%2Fwp%2Fv2%2Fcomments&post=47538"}],"version-history":[{"count":1,"href":"https:\/\/zonaroja.com.mx\/index.php?rest_route=\/wp\/v2\/posts\/47538\/revisions"}],"predecessor-version":[{"id":47539,"href":"https:\/\/zonaroja.com.mx\/index.php?rest_route=\/wp\/v2\/posts\/47538\/revisions\/47539"}],"wp:featuredmedia":[{"embeddable":true,"href":"https:\/\/zonaroja.com.mx\/index.php?rest_route=\/wp\/v2\/media\/47537"}],"wp:attachment":[{"href":"https:\/\/zonaroja.com.mx\/index.php?rest_route=%2Fwp%2Fv2%2Fmedia&parent=47538"}],"wp:term":[{"taxonomy":"category","embeddable":true,"href":"https:\/\/zonaroja.com.mx\/index.php?rest_route=%2Fwp%2Fv2%2Fcategories&post=47538"},{"taxonomy":"post_tag","embeddable":true,"href":"https:\/\/zonaroja.com.mx\/index.php?rest_route=%2Fwp%2Fv2%2Ftags&post=47538"}],"curies":[{"name":"wp","href":"https:\/\/api.w.org\/{rel}","templated":true}]}}