{"id":47540,"date":"2022-11-01T18:11:11","date_gmt":"2022-11-02T00:11:11","guid":{"rendered":"https:\/\/www.zonaroja.com.mx\/?p=47540"},"modified":"2022-11-01T20:56:23","modified_gmt":"2022-11-02T02:56:23","slug":"caotico-dia-de-muertos-bloqueo-de-urbaneros-basura-e-ingobernabilidad","status":"publish","type":"post","link":"https:\/\/zonaroja.com.mx\/?p=47540","title":{"rendered":"Ca\u00f3tico \u201cD\u00eda de Muertos\u201d: bloqueo de urbaneros, basura e ingobernabilidad"},"content":{"rendered":"\n<p>Yuridiana Sosa\/ Zona Roja.<\/p>\n\n\n\n<p>Oaxaca de Ju\u00e1rez, Oax., 1 noviembre de 2022.- En plana celebraci\u00f3n por \u201cD\u00eda de Muertos\u201d, la capital del estado vivi\u00f3 uno de los d\u00edas m\u00e1s ca\u00f3ticos de las \u00faltimas semanas, con una decena de bloqueos y calles repletas de basura y de ambulantes.<\/p>\n\n\n\n<p>Concesionarios y choferes del servicio p\u00fablico urbano sitiaron la capital y acceso a la zona conurbada, para exigir aumento legal a la tarifa del pasaje, luego que durante cuatro d\u00edas han cobrado de forma irregular 10 pesos, lo que ha sido motivo del reclamo ciudadano.<\/p>\n\n\n\n<p>Por aproximadamente una hora, los choferes colocaron unidades para cerrar el paso en el crucero de la carretera federal 190 y bulevar Eduardo Vasconcelos y avenida Heroico Colegio Militar, en el punto conocido como crucero del estadio de b\u00e9isbol; H\u00e9roes de Chapultepec en los cruceros de avenida Ju\u00e1rez, calle Netzahualc\u00f3yotl, Emilio Carranza y Amapolas.<\/p>\n\n\n\n<p>Adem\u00e1s, en el crucero de la glorieta L\u00e1zaro C\u00e1rdenas, calzada Madero, calzada Tecnol\u00f3gico; carretera federal 190 en jurisdicci\u00f3n de la agencia de Santa Rosa Panzacola frente a tienda de abarrotes y en la sede de oficinas estatales del PRI.<\/p>\n\n\n\n<p>Los cierres causaron una importante afectaci\u00f3n vial, tanto para los propios ciudadanos como para el turismo, que desde el fin de semana comenz\u00f3 a llegar a la capital.<\/p>\n\n\n\n<p>Al paso de poco m\u00e1s de una hora, los concesionarios lograron conseguir atenci\u00f3n de la Secretar\u00eda de Movilidad para iniciar una mesa de di\u00e1logo y abordar el tema del incremento a la tarifa, tras cuatro a\u00f1os de aplicarse una misma cuota.<\/p>\n\n\n\n<p>Los concesionarios argumentan que los ocho pesos que actualmente cobran es insuficiente para cubrir los gastos del servicio, por lo que consideraron oportuno el aumento antes del cierre del sexenio actual.<\/p>\n\n\n\n<p>Otro bloqueo que afect\u00f3\u00a0este martes, y que permaneci\u00f3 por seis d\u00edas, es el implementado por el Frente Ind\u00edgena de Pueblos Olvidados de Oaxaca (FIPOO) en las calles de avenida Independencia y Tinoco y Palacios, del Centro Hist\u00f3rico, para exigir recursos para las comunidades donde tiene presencia.<\/p>\n\n\n\n<figure class=\"wp-block-embed is-type-rich is-provider-twitter wp-block-embed-twitter\"><div class=\"wp-block-embed__wrapper\">\n<div class=\"twitter-tweet\"><blockquote class=\"twitter-tweet\" data-lang=\"es\"><p lang=\"es\" dir=\"ltr\">Oaxaca de Ju\u00e1rez, Oax., 1 de noviembre de 2022.- Choferes del transporte urbano bloquearon diversas vialidades de la capital con sus unidades, por el alza al pasaje. Tras ello, obligan al gobierno a una mesa de di\u00e1logo y se retiran. <br><br>Transmisi\u00f3n \ud83d\udc47<a href=\"https:\/\/t.co\/57UrFJ7Cc1\">https:\/\/t.co\/57UrFJ7Cc1<\/a> <a href=\"https:\/\/t.co\/O7UGIH77fN\">pic.twitter.com\/O7UGIH77fN<\/a><\/p>&mdash; Zona Roja Oaxaca (@ZonaRoja_Oaxaca) <a href=\"https:\/\/twitter.com\/ZonaRoja_Oaxaca\/status\/1587529910796500992?ref_src=twsrc%5Etfw\">1 de noviembre de 2022<\/a><\/blockquote><\/div>\n<\/div><\/figure>\n\n\n\n<p>INCONTENIBLE BROTE DE BASUREROS&nbsp;<\/p>\n\n\n\n<p>De manera paralela, la ciudad de Oaxaca de Ju\u00e1rez vive el problema m\u00e1s grande en torno a la recolecci\u00f3n y destino final de la basura, provocando una incontenible multiplicaci\u00f3n de montones de basura en plazas p\u00fablicas.<\/p>\n\n\n\n<p>Ante la falta de un espacio formal que sirva como relleno sanitario, a 24 d\u00edas del cierre del basureo municipal en Villa de Zaachila, los desechos siguen apareciendo hasta en espacios como Santo Domingo de Guzm\u00e1n, donde las jardineras de la plazuela que rodean el antiguo convento son dep\u00f3sitos p\u00fablicos de f\u00e1cil acceso para miles de paseantes.<\/p>\n\n\n\n<p>Mientras que en calles como Miguel Cabrera y Mina, que secundan las principales calles del Centro Hist\u00f3rico son nido de desechos, y peor a\u00fan, la avenida Perif\u00e9rico, donde en algunos tramos de una cadena de basura han esparcido cal para reducir los f\u00e9tidos olores que se desprenden.&nbsp;<\/p>\n\n\n\n<p>Incluso, hasta en barrio de Jalatlaco ya luce con problemas con la basura a pesar que fue la zona donde el gobierno municipal implemento un programa piloto para la separaci\u00f3n de residuos s\u00f3lidos.<\/p>\n\n\n\n<p>En tanto que los trabajadores del Sindicato \u201c3 de Marzo\u201d retomaron actividades&nbsp;este martes, aunque a\u00fan sin nuevo tiradero.<\/p>\n\n\n\n<p>M\u00c1S PROBLEMAS&nbsp;<\/p>\n\n\n\n<p>Los puestos en la v\u00eda p\u00fablica tambi\u00e9n van en aumento en el Centro Hist\u00f3rico durante los \u00faltimos d\u00edas con el pretexto de las festividades por D\u00eda de Muertos, sin que la autoridad municipal aclare sobre los permisos o no otorgados a este gremio.<\/p>\n\n\n\n<p>El conflicto mayor se presenta al t\u00e9rmino de las festividades, pues no quieren desocupar los espacios en la calle a pesar que en la mayor\u00eda de los casos no cuentan con permisos para su venta en esta modalidad.<\/p>\n\n\n\n<p>Pese  eso, el gobierno municipal no ha aplicado ning\u00fan operativo para reducir la presencia de vendedores en el primer cuadro de la ciudad instalados desde el fin de semana.<\/p>\n\n\n\n<figure class=\"wp-block-embed is-type-rich is-provider-twitter wp-block-embed-twitter\"><div class=\"wp-block-embed__wrapper\">\n<div class=\"twitter-tweet\"><blockquote class=\"twitter-tweet\" data-lang=\"es\"><p lang=\"es\" dir=\"ltr\">3. Y hasta a unos pasos del mercado \u201c20 de Noviembre\u201d, en Mina y Miguel Cabrera, as\u00ed como cerca del z\u00f3calo, los montones de desechos. <a href=\"https:\/\/t.co\/MxI4V325QV\">pic.twitter.com\/MxI4V325QV<\/a><\/p>&mdash; Zona Roja Oaxaca (@ZonaRoja_Oaxaca) <a href=\"https:\/\/twitter.com\/ZonaRoja_Oaxaca\/status\/1587622521209327616?ref_src=twsrc%5Etfw\">2 de noviembre de 2022<\/a><\/blockquote><\/div>\n<\/div><\/figure>\n","protected":false},"excerpt":{"rendered":"<p>Yuridiana Sosa\/ Zona Roja. Oaxaca de Ju\u00e1rez, Oax., 1 noviembre de 2022.- En plana celebraci\u00f3n&hellip;<\/p>\n","protected":false},"author":2,"featured_media":47534,"comment_status":"closed","ping_status":"open","sticky":false,"template":"","format":"standard","meta":{"_lmt_disableupdate":"","_lmt_disable":"","_jetpack_memberships_contains_paid_content":false,"footnotes":""},"categories":[109,47],"tags":[],"class_list":["post-47540","post","type-post","status-publish","format-standard","has-post-thumbnail","hentry","category-minuto-a-minuto","category-zona-gris"],"jetpack_featured_media_url":"https:\/\/zonaroja.com.mx\/wp-content\/uploads\/2022\/11\/Basura-y-transporte-Oaxaca.jpg","jetpack_sharing_enabled":true,"_links":{"self":[{"href":"https:\/\/zonaroja.com.mx\/index.php?rest_route=\/wp\/v2\/posts\/47540","targetHints":{"allow":["GET"]}}],"collection":[{"href":"https:\/\/zonaroja.com.mx\/index.php?rest_route=\/wp\/v2\/posts"}],"about":[{"href":"https:\/\/zonaroja.com.mx\/index.php?rest_route=\/wp\/v2\/types\/post"}],"author":[{"embeddable":true,"href":"https:\/\/zonaroja.com.mx\/index.php?rest_route=\/wp\/v2\/users\/2"}],"replies":[{"embeddable":true,"href":"https:\/\/zonaroja.com.mx\/index.php?rest_route=%2Fwp%2Fv2%2Fcomments&post=47540"}],"version-history":[{"count":2,"href":"https:\/\/zonaroja.com.mx\/index.php?rest_route=\/wp\/v2\/posts\/47540\/revisions"}],"predecessor-version":[{"id":47542,"href":"https:\/\/zonaroja.com.mx\/index.php?rest_route=\/wp\/v2\/posts\/47540\/revisions\/47542"}],"wp:featuredmedia":[{"embeddable":true,"href":"https:\/\/zonaroja.com.mx\/index.php?rest_route=\/wp\/v2\/media\/47534"}],"wp:attachment":[{"href":"https:\/\/zonaroja.com.mx\/index.php?rest_route=%2Fwp%2Fv2%2Fmedia&parent=47540"}],"wp:term":[{"taxonomy":"category","embeddable":true,"href":"https:\/\/zonaroja.com.mx\/index.php?rest_route=%2Fwp%2Fv2%2Fcategories&post=47540"},{"taxonomy":"post_tag","embeddable":true,"href":"https:\/\/zonaroja.com.mx\/index.php?rest_route=%2Fwp%2Fv2%2Ftags&post=47540"}],"curies":[{"name":"wp","href":"https:\/\/api.w.org\/{rel}","templated":true}]}}