{"id":4755,"date":"2019-10-12T09:19:15","date_gmt":"2019-10-12T14:19:15","guid":{"rendered":"http:\/\/www.zonaroja.com.mx\/?p=4755"},"modified":"2019-10-12T09:36:09","modified_gmt":"2019-10-12T14:36:09","slug":"realizaran-jornada-en-defensa-del-territorio-de-los-pueblos-indigenas","status":"publish","type":"post","link":"https:\/\/zonaroja.com.mx\/?p=4755","title":{"rendered":"Realizar\u00e1n jornada en defensa del territorio de los pueblos ind\u00edgenas"},"content":{"rendered":"\n<p>Evlin Arag\u00f3n\/Redacci\u00f3n.<\/p>\n\n\n\n<p>Oaxaca de Ju\u00e1rez, Oax., 12 de octubre de 2019.- Este s\u00e1bado, diversos colectivos y organizaciones sociales realizaran la Jornada de los Pueblos Ind\u00edgenas en Defensa de Nuestros Territorios \u00a1Samir Flores Vive!, en la Plaza de la Danza de la capital, con el objetivo de exigir, entre otras cosas, el derecho a la libre determinaci\u00f3n de las comunidades, as\u00ed como denunciar los megaproyectos que violentan su autonom\u00eda y causan da\u00f1os irreparables a la poblaci\u00f3n.<\/p>\n\n\n\n<p>Explicaron que los megaproyectos en el\ngobierno de la Cuarta Transformaci\u00f3n representan una grave amenaza para el\nejercicio y respeto pleno de los derechos de los pueblos ind\u00edgenas en el estado\nde Oaxaca, por lo que ser\u00e1 la imposici\u00f3n de \u00e9stos lo que se abordar\u00e1 como\nprincipal eje problem\u00e1tico durante toda la jornada.<\/p>\n\n\n\n<p>\u201cLos grupos de poder econ\u00f3mico han\niniciado una cuarta embestida contra la vida y territorios de nuestros Pueblos\nen M\u00e9xico, tienen como su aliado al gobierno que sirve a sus intereses, ante\nesta realidad nuestros pueblos tienen la claridad que esta nueva forma que\nellos llaman \u2018desarrollo\u2019, ha representado la muerte de nuestra cultura, la\nimplantaci\u00f3n del capital sobre nuestros derechos y la destrucci\u00f3n de\nnuestro&nbsp; tejido social de nuestras\ncomunidades\u201d, aseguraron.&nbsp; <\/p>\n\n\n\n<p>Recordaron desde el a\u00f1o pasado\nrealizaron un Juicio Popular Comunitario contra el Estado y las Empresas\nMineras en Oaxaca mientras que en el transcurso de este 2019 han realizado\nacciones como el Tercer Encuentro Estatal de Pueblos, Comunidades y\nOrganizaciones \u201cAqu\u00ed decidimos S\u00ed a la Vida, no a la miner\u00eda, la Guelaguetza de\nlos Pueblos de Oaxaca contra la Miner\u00eda, el Encuentro Estatal Ma\u00edz Comunal de\nOaxaca para el Mundo, entre otros, con la finalidad de evidenciar su rechazo a\nlos megaproyectos en el estado y demostrar los da\u00f1os que estos causan en las\ncomunidades.<\/p>\n\n\n\n<p>En este sentido, reiteraron que son sus\npropias instituciones comunitarias: las asambleas, el territorio, los sistemas\nnormativos propios y las formas de impartici\u00f3n de justicia; la fiesta, el\ntequio y la lengua, son la esencia de nuestra vida comunal, fortalezas para\nluchar contra el despojo de nuestras tierras y territorios.<\/p>\n\n\n\n<p>\u201cDesde las comunidades ya estamos\nconstruyendo alternativas econ\u00f3micas que dan sustento a nuestros pueblos,\nbenefician al territorio, respetan a la Madre Tierra y nos permiten mantener\nnuestras formas de vida\u201d, explicaron.<\/p>\n\n\n\n<p>Por lo anterior exigieron respeto a sus\ninstituciones y derechos comunitarios, as\u00ed como un alto a la criminalizaci\u00f3n de\nlas personas defensoras de derechos humanos y a las comunidades en resistencia\ncontra los megaproyectos, as\u00ed como castigo a los autores materiales e\nintelectuales de los cr\u00edmenes cometidos contra ellas.<\/p>\n\n\n\n<p>A la par que exigieron justicia para\nSamir Flores Soberanes, activista comunitario y defensor de los derechos\nhumanos y territoriales,&nbsp; asesinado por\nsu lucha contra el Megaproyecto Integral Morelos y de la Hidroel\u00e9ctrica de\nHuexca.<\/p>\n\n\n\n<figure class=\"wp-block-image\"><img decoding=\"async\" width=\"851\" height=\"1280\" src=\"https:\/\/www.zonaroja.com.mx\/wp-content\/uploads\/2019\/10\/img_7460.jpg\" alt=\"\" class=\"wp-image-4758\" srcset=\"https:\/\/zonaroja.com.mx\/wp-content\/uploads\/2019\/10\/img_7460.jpg 851w, https:\/\/zonaroja.com.mx\/wp-content\/uploads\/2019\/10\/img_7460-199x300.jpg 199w, https:\/\/zonaroja.com.mx\/wp-content\/uploads\/2019\/10\/img_7460-768x1155.jpg 768w, https:\/\/zonaroja.com.mx\/wp-content\/uploads\/2019\/10\/img_7460-681x1024.jpg 681w, https:\/\/zonaroja.com.mx\/wp-content\/uploads\/2019\/10\/img_7460-585x880.jpg 585w\" sizes=\"(max-width: 851px) 100vw, 851px\" \/><\/figure>\n","protected":false},"excerpt":{"rendered":"<p>Evlin Arag\u00f3n\/Redacci\u00f3n. Oaxaca de Ju\u00e1rez, Oax., 12 de octubre de 2019.- Este s\u00e1bado, diversos colectivos&hellip;<\/p>\n","protected":false},"author":2,"featured_media":4756,"comment_status":"closed","ping_status":"open","sticky":false,"template":"","format":"standard","meta":{"_lmt_disableupdate":"","_lmt_disable":"","_jetpack_memberships_contains_paid_content":false,"footnotes":""},"categories":[109,46],"tags":[855],"class_list":["post-4755","post","type-post","status-publish","format-standard","has-post-thumbnail","hentry","category-minuto-a-minuto","category-zona-blanca","tag-samir-flores"],"jetpack_featured_media_url":"https:\/\/zonaroja.com.mx\/wp-content\/uploads\/2019\/10\/defensa-tierras.jpg","jetpack_sharing_enabled":true,"_links":{"self":[{"href":"https:\/\/zonaroja.com.mx\/index.php?rest_route=\/wp\/v2\/posts\/4755","targetHints":{"allow":["GET"]}}],"collection":[{"href":"https:\/\/zonaroja.com.mx\/index.php?rest_route=\/wp\/v2\/posts"}],"about":[{"href":"https:\/\/zonaroja.com.mx\/index.php?rest_route=\/wp\/v2\/types\/post"}],"author":[{"embeddable":true,"href":"https:\/\/zonaroja.com.mx\/index.php?rest_route=\/wp\/v2\/users\/2"}],"replies":[{"embeddable":true,"href":"https:\/\/zonaroja.com.mx\/index.php?rest_route=%2Fwp%2Fv2%2Fcomments&post=4755"}],"version-history":[{"count":2,"href":"https:\/\/zonaroja.com.mx\/index.php?rest_route=\/wp\/v2\/posts\/4755\/revisions"}],"predecessor-version":[{"id":4759,"href":"https:\/\/zonaroja.com.mx\/index.php?rest_route=\/wp\/v2\/posts\/4755\/revisions\/4759"}],"wp:featuredmedia":[{"embeddable":true,"href":"https:\/\/zonaroja.com.mx\/index.php?rest_route=\/wp\/v2\/media\/4756"}],"wp:attachment":[{"href":"https:\/\/zonaroja.com.mx\/index.php?rest_route=%2Fwp%2Fv2%2Fmedia&parent=4755"}],"wp:term":[{"taxonomy":"category","embeddable":true,"href":"https:\/\/zonaroja.com.mx\/index.php?rest_route=%2Fwp%2Fv2%2Fcategories&post=4755"},{"taxonomy":"post_tag","embeddable":true,"href":"https:\/\/zonaroja.com.mx\/index.php?rest_route=%2Fwp%2Fv2%2Ftags&post=4755"}],"curies":[{"name":"wp","href":"https:\/\/api.w.org\/{rel}","templated":true}]}}