{"id":47562,"date":"2022-11-02T12:46:00","date_gmt":"2022-11-02T18:46:00","guid":{"rendered":"http:\/\/www.zonaroja.com.mx\/?p=47562"},"modified":"2022-11-02T08:12:44","modified_gmt":"2022-11-02T14:12:44","slug":"guacamaya-leaks-estanca-la-aprobacion-de-amlo-en-56","status":"publish","type":"post","link":"https:\/\/zonaroja.com.mx\/?p=47562","title":{"rendered":"\u201cGuacamaya Leaks\u201d estanca la aprobaci\u00f3n de AMLO en 56%"},"content":{"rendered":"\n<p>Redacci\u00f3\/Zona Roja Cdmx.<\/p>\n\n\n\n<p>Ciudad de M\u00e9xico, a 2 de noviembre de 2022.- Los \u00edndices de aprobaci\u00f3n del presidente, Andr\u00e9s Manuel L\u00f3pez Obrador (AMLO), cerraron octubre sin alteraciones importantes: seg\u00fan una encuesta de \u201cEl Financiero\u201d, el tabasque\u00f1o registr\u00f3 una aprobaci\u00f3n del 56% y desaprobaci\u00f3n del 43% para el d\u00e9cimo mes del 2022.<\/p>\n\n\n\n<p>Cabe recordar que este periodo qued\u00f3 marcado (entre otros aspectos) por la ola de violencia que lo posicion\u00f3 como el m\u00e1s letal del 2022, as\u00ed como por la lluvia de filtraciones producto del hackeo del grupo \u201cGuacamaya\u201d a la Secretar\u00eda de la Defensa Nacional (Sedena) a finales de septiembre.<\/p>\n\n\n\n<p>La encuesta retom\u00f3 esta \u00faltima pol\u00e9mica \u2014una de las que m\u00e1s ha tambaleado al sexenio y a su pol\u00edtica de seguridad militarista\u2014 como objeto de estudio, cuyos resultados contravendr\u00edan la poca (casi nula) seriedad que el Jefe del Ejecutivo ha demostrado frente a la m\u00e1s grave vulneraci\u00f3n a la ciberseguridad del Ej\u00e9rcito.<\/p>\n\n\n\n<p>Y es que de acuerdo al estudio, 54% de los entrevistados destac\u00f3 que ha habido un mal o muy mal manejo de dicho asunto por parte del gobierno de la autodenominada Cuarta Transformaci\u00f3n (4T). Un dato que contrasta con el 28% que opin\u00f3 lo contrario, se\u00f1alando que la administraci\u00f3n ha abordado bien o muy bien la controversia.<\/p>\n\n\n\n<p>Presuntos v\u00ednculos con el crimen organizado,&nbsp;contratos il\u00edcitos con dependencias o figuras pol\u00edticas \u00f3 negligencia en sus labores son algunas de las tantas acusaciones que han salido a la luz en contra de la instituci\u00f3n liderada por Luis Cresencio Sandoval &#8211; quien no ha brindado explicaci\u00f3n o regulaci\u00f3n alguna.<\/p>\n\n\n\n<p>Ante ello, la opini\u00f3n p\u00fablica ha presionado al Secretario General y a L\u00f3pez Obrador para romper la incertidumbre. No obstante, el presidente ha sido firme en negarse a ello y desestimar las informaciones por considerarlas como \u201cun intento de politiquer\u00eda\u201d; tanto as\u00ed que, incluso, llam\u00f3 a la prensa a \u201cbuscarse otro asunto\u201d.<\/p>\n\n\n\n<p>Sin embargo, 72% de las personas censadas por \u201cEl Financiero\u201d opin\u00f3 lo contrario al aseverar que la vulneraci\u00f3n de la Defensa Nacional s\u00ed figura como un asunto grave o algo muy grave, mientras que s\u00f3lo el 22% lo percibe como poco o nada grave.<\/p>\n\n\n\n<p>Es pertinente recordar que la ocasi\u00f3n en la que Cresencio Sandoval podr\u00eda rendir cuentas respecto al hackeo fue fuertemente condicionada y posteriormente cancelada. En tanto, la \u00fanica ocasi\u00f3n que el militar se present\u00f3 al Poder Legislativo tras el caso \u201cGuacamaya Leaks\u201d se limit\u00f3 a un mero acto de presencia.<\/p>\n\n\n\n<p>En ese tenor, la encuesta arroj\u00f3 que 66% del los encuestados opin\u00f3 que el militar s\u00ed debe asistir al Congreso a fin de informar las acciones futuras tras el hackeo masivo. Por el contrario, 26% no consider\u00f3 pertinente una comparecencia del Secretario de Defensa.<\/p>\n\n\n\n<p>Para octubre, la desaprobaci\u00f3n a\u00fan impera en las evaluaciones en materia de seguridad p\u00fablica, cuyo fortalecimiento en sexenio obradorista se ha caracterizado por la mayor presencia de las Fuerzas Armadas.<\/p>\n\n\n\n<p>Pese a ello, \u201cEl Financiero\u201d destac\u00f3 que los niveles positivos (bien y muy bien) registraron una ligera mejor\u00eda luego de aumentar el porcentaje de 26% a 31%. Por su parte, los \u00edndices negativos (muy y muy mal) tuvieron un baja de cuatro puntos porcentuales al pasa de 60% a 56%.<\/p>\n\n\n\n<p>M\u00e9xico recibi\u00f3 las festividades por el D\u00eda de los Muertos&nbsp;con la cifra de asesinatos m\u00e1s alta en lo que va del 2022, esto, tras cerrar el mes de octubre con 2 mil 481 asesinatos acumulados;&nbsp;superando as\u00ed a mayo que se hab\u00eda colocado como el m\u00e1s violento del a\u00f1o, con 2 mil 472 .<\/p>\n\n\n\n<p>(Informaci\u00f3n de Infobae)<\/p>\n","protected":false},"excerpt":{"rendered":"<p>Redacci\u00f3\/Zona Roja Cdmx. Ciudad de M\u00e9xico, a 2 de noviembre de 2022.- Los \u00edndices de&hellip;<\/p>\n","protected":false},"author":2,"featured_media":47564,"comment_status":"closed","ping_status":"open","sticky":false,"template":"","format":"standard","meta":{"_lmt_disableupdate":"","_lmt_disable":"","_jetpack_memberships_contains_paid_content":false,"footnotes":""},"categories":[109,47],"tags":[143],"class_list":["post-47562","post","type-post","status-publish","format-standard","has-post-thumbnail","hentry","category-minuto-a-minuto","category-zona-gris","tag-andres-manuel-lopez-obrador"],"jetpack_featured_media_url":"https:\/\/zonaroja.com.mx\/wp-content\/uploads\/2022\/11\/Andres-Manuel-Lopez-Obrador-panuelo.png","jetpack_sharing_enabled":true,"_links":{"self":[{"href":"https:\/\/zonaroja.com.mx\/index.php?rest_route=\/wp\/v2\/posts\/47562","targetHints":{"allow":["GET"]}}],"collection":[{"href":"https:\/\/zonaroja.com.mx\/index.php?rest_route=\/wp\/v2\/posts"}],"about":[{"href":"https:\/\/zonaroja.com.mx\/index.php?rest_route=\/wp\/v2\/types\/post"}],"author":[{"embeddable":true,"href":"https:\/\/zonaroja.com.mx\/index.php?rest_route=\/wp\/v2\/users\/2"}],"replies":[{"embeddable":true,"href":"https:\/\/zonaroja.com.mx\/index.php?rest_route=%2Fwp%2Fv2%2Fcomments&post=47562"}],"version-history":[{"count":1,"href":"https:\/\/zonaroja.com.mx\/index.php?rest_route=\/wp\/v2\/posts\/47562\/revisions"}],"predecessor-version":[{"id":47565,"href":"https:\/\/zonaroja.com.mx\/index.php?rest_route=\/wp\/v2\/posts\/47562\/revisions\/47565"}],"wp:featuredmedia":[{"embeddable":true,"href":"https:\/\/zonaroja.com.mx\/index.php?rest_route=\/wp\/v2\/media\/47564"}],"wp:attachment":[{"href":"https:\/\/zonaroja.com.mx\/index.php?rest_route=%2Fwp%2Fv2%2Fmedia&parent=47562"}],"wp:term":[{"taxonomy":"category","embeddable":true,"href":"https:\/\/zonaroja.com.mx\/index.php?rest_route=%2Fwp%2Fv2%2Fcategories&post=47562"},{"taxonomy":"post_tag","embeddable":true,"href":"https:\/\/zonaroja.com.mx\/index.php?rest_route=%2Fwp%2Fv2%2Ftags&post=47562"}],"curies":[{"name":"wp","href":"https:\/\/api.w.org\/{rel}","templated":true}]}}