{"id":47567,"date":"2022-11-02T20:14:25","date_gmt":"2022-11-03T02:14:25","guid":{"rendered":"http:\/\/www.zonaroja.com.mx\/?p=47567"},"modified":"2022-11-02T20:14:27","modified_gmt":"2022-11-03T02:14:27","slug":"claman-justicia-por-feminicidios-en-dia-de-muertos-en-oaxaca","status":"publish","type":"post","link":"https:\/\/zonaroja.com.mx\/?p=47567","title":{"rendered":"Claman justicia por feminicidios en \u201cD\u00eda de Muertos\u201d en Oaxaca"},"content":{"rendered":"\n<p>Yuridiana Sosa\/Zona Roja.<\/p>\n\n\n\n<p>Oaxaca de Ju\u00e1rez, Oax., a 2 de noviembre de 2022.- En menos de seis a\u00f1os, en Oaxaca le arrebataron la vida a 711 mujeres; sus familias adem\u00e1s de llorar su ausencia cada d\u00eda, tambi\u00e9n sufren por la falta de justicia.<\/p>\n\n\n\n<p>Con un altar de reclamos y tapete de aserr\u00edn en el exterior del templo de Santo Domingo de Guzm\u00e1n, en la capital del estado, familiares de m\u00e1s de una docena de oaxaque\u00f1as v\u00edctimas de feminicidio exhibieron la omisi\u00f3n de las autoridades estatales para que los responsables paguen por sus cr\u00edmenes.<\/p>\n\n\n\n<p>Las fotograf\u00edas de las mujeres asesinadas fueron colocadas sobre la cantera de una de las jardineras de la explanada. \u201cLa justicia es selectiva en Oaxaca feminicida\u201d, fue una de las leyendas que acompa\u00f1\u00f3 al altar con motivo de \u201cD\u00eda de Muertos\u201d.<\/p>\n\n\n\n<p>La escena es de contrastes, pues mientras las familias lloran a sus muertas y exigen justicia desde esta acci\u00f3n, cientos de turistas visitan el emblem\u00e1tico templo colonial y hasta por momentos se detiene a mirar la ofrenda de reclamos como si fuera un atractivo.<\/p>\n\n\n\n<p>En la ciudad hay un ambiente de fiesta para conmemorar a los fieles difuntos luego de dos a\u00f1os de restricci\u00f3n masivas por la pandemia de Covid-19.&nbsp;<\/p>\n\n\n\n<p>De acuerdo con el recuento diario del Colectivo Consorcio Oaxaca, en octubre ocurrieron 13 feminicidios y se han acumulado 711 desde el inicio de la actual administraci\u00f3n el 1 de diciembre de 2016.<\/p>\n\n\n\n<p>Los tres \u00faltimos casos ocurrieron contra Filogonia M. R., 68 a\u00f1os de edad, en Zapotitl\u00e1n Palmas, en la regi\u00f3n Mixteca, el pasado 29 de octubre; el d\u00eda 23 contra Mar\u00eda del Rosario, en Juchit\u00e1n de Zaragoza, regi\u00f3n el Istmo, y el d\u00eda 21 de octubre contra Camila R. R. ,de 46 a\u00f1os, en Santa Mar\u00eda Tonameca, en la Costa; las tres por disparos de arma de fuego.<\/p>\n\n\n\n<p>Sin embargo, del total de casos recientes, 10 se cometieron con el uso de armas de fuego, dos por golpes y uno con arma blanca.<\/p>\n\n\n\n<figure class=\"wp-block-embed is-type-rich is-provider-twitter wp-block-embed-twitter\"><div class=\"wp-block-embed__wrapper\">\n<div class=\"twitter-tweet\"><blockquote class=\"twitter-tweet\" data-lang=\"es\"><p lang=\"es\" dir=\"ltr\">El grito de justicia por feminicidios tambi\u00e9n est\u00e1 presente en el <a href=\"https:\/\/twitter.com\/hashtag\/DiaDeMuertos?src=hash&amp;ref_src=twsrc%5Etfw\">#DiaDeMuertos<\/a> en <a href=\"https:\/\/twitter.com\/hashtag\/Oaxaca?src=hash&amp;ref_src=twsrc%5Etfw\">#Oaxaca<\/a>. <br>En la explanada de Santo Domingo de Guzm\u00e1n, en la capital, familiares y activistas colocaron un altar de reclamos. <a href=\"https:\/\/t.co\/pHuNmWebWu\">pic.twitter.com\/pHuNmWebWu<\/a><\/p>&mdash; Zona Roja Oaxaca (@ZonaRoja_Oaxaca) <a href=\"https:\/\/twitter.com\/ZonaRoja_Oaxaca\/status\/1587837261785309187?ref_src=twsrc%5Etfw\">2 de noviembre de 2022<\/a><\/blockquote><\/div>\n<\/div><\/figure>\n","protected":false},"excerpt":{"rendered":"<p>Yuridiana Sosa\/Zona Roja. Oaxaca de Ju\u00e1rez, Oax., a 2 de noviembre de 2022.- En menos&hellip;<\/p>\n","protected":false},"author":2,"featured_media":47563,"comment_status":"closed","ping_status":"open","sticky":false,"template":"","format":"standard","meta":{"_lmt_disableupdate":"","_lmt_disable":"","_jetpack_memberships_contains_paid_content":false,"footnotes":""},"categories":[109,47],"tags":[610],"class_list":["post-47567","post","type-post","status-publish","format-standard","has-post-thumbnail","hentry","category-minuto-a-minuto","category-zona-gris","tag-feminicidios-oaxaca"],"jetpack_featured_media_url":"https:\/\/zonaroja.com.mx\/wp-content\/uploads\/2022\/11\/Altar-muertos-feminicidios-Oaxaca.jpg","jetpack_sharing_enabled":true,"_links":{"self":[{"href":"https:\/\/zonaroja.com.mx\/index.php?rest_route=\/wp\/v2\/posts\/47567","targetHints":{"allow":["GET"]}}],"collection":[{"href":"https:\/\/zonaroja.com.mx\/index.php?rest_route=\/wp\/v2\/posts"}],"about":[{"href":"https:\/\/zonaroja.com.mx\/index.php?rest_route=\/wp\/v2\/types\/post"}],"author":[{"embeddable":true,"href":"https:\/\/zonaroja.com.mx\/index.php?rest_route=\/wp\/v2\/users\/2"}],"replies":[{"embeddable":true,"href":"https:\/\/zonaroja.com.mx\/index.php?rest_route=%2Fwp%2Fv2%2Fcomments&post=47567"}],"version-history":[{"count":1,"href":"https:\/\/zonaroja.com.mx\/index.php?rest_route=\/wp\/v2\/posts\/47567\/revisions"}],"predecessor-version":[{"id":47568,"href":"https:\/\/zonaroja.com.mx\/index.php?rest_route=\/wp\/v2\/posts\/47567\/revisions\/47568"}],"wp:featuredmedia":[{"embeddable":true,"href":"https:\/\/zonaroja.com.mx\/index.php?rest_route=\/wp\/v2\/media\/47563"}],"wp:attachment":[{"href":"https:\/\/zonaroja.com.mx\/index.php?rest_route=%2Fwp%2Fv2%2Fmedia&parent=47567"}],"wp:term":[{"taxonomy":"category","embeddable":true,"href":"https:\/\/zonaroja.com.mx\/index.php?rest_route=%2Fwp%2Fv2%2Fcategories&post=47567"},{"taxonomy":"post_tag","embeddable":true,"href":"https:\/\/zonaroja.com.mx\/index.php?rest_route=%2Fwp%2Fv2%2Ftags&post=47567"}],"curies":[{"name":"wp","href":"https:\/\/api.w.org\/{rel}","templated":true}]}}