{"id":47569,"date":"2022-11-02T20:33:33","date_gmt":"2022-11-03T02:33:33","guid":{"rendered":"http:\/\/www.zonaroja.com.mx\/?p=47569"},"modified":"2022-11-02T20:33:34","modified_gmt":"2022-11-03T02:33:34","slug":"registra-dia-de-todos-santos-dos-asesinados-en-oaxaca","status":"publish","type":"post","link":"https:\/\/zonaroja.com.mx\/?p=47569","title":{"rendered":"Registra d\u00eda de \u201cTodos Santos\u201d dos asesinados en Oaxaca"},"content":{"rendered":"\n<p>Ismael Garc\u00eda M.\/Zona Roja.<\/p>\n\n\n\n<p>Oaxaca de Ju\u00e1rez, Oax., a 2 de noviembre.- Dos personas del sexo masculino fueron asesinadas este mi\u00e9rcoles, conocido en la tradici\u00f3n cat\u00f3lica como de \u201cTodos Santos\u201d, parte de la conmemoraci\u00f3n del \u201cD\u00eda de Muertos\u201d.<\/p>\n\n\n\n<p>Esta noche, alrededor de las 20:00 horas, fue ultimada un individuo a un costado de la carretera de la ribera del r\u00edo \u201cSalado\u201d, casi cerca del cruce con la avenida S\u00edmbolos Patrios, en jurisdicci\u00f3n de San Antonio de la Cal.<\/p>\n\n\n\n<p>Sujetos armados dispararon en contra de un individuo que se trasladaba a bordo de una motocicleta, y quien a\u00fan no ha sido identificado; la v\u00edctima porta un pantal\u00f3n de mezclilla y una chamarra negra con el logotipo por la parte de atr\u00e1s del club \u201cOvejas negras\u201d.<\/p>\n\n\n\n<p>Mientras tanto, la ma\u00f1ana de hoy en el municipio de Salina Cruz fue asesinado a balazos un individuo, identificado de manera preliminar como Francisco Melgar S.<\/p>\n\n\n\n<p>El hombre transitaba a bordo de su veh\u00edculo, una camioneta marcha Cheyenne, con placas del estado de Veracruz, por la carretera de cuatro carriles, cerca del crucero&nbsp; del camino viejo a la localidad de La Ventosa, cuando fue ejecutado.<\/p>\n\n\n\n<p>Hasta el momento se desconoce qui\u00e9n o qui\u00e9nes le quitaron la vida y no hubo detenciones, pese a que el hecho fue a las 10 de la ma\u00f1ana cerca del centro de esa ciudad y puerto.<\/p>\n","protected":false},"excerpt":{"rendered":"<p>Ismael Garc\u00eda M.\/Zona Roja. Oaxaca de Ju\u00e1rez, Oax., a 2 de noviembre.- Dos personas del&hellip;<\/p>\n","protected":false},"author":2,"featured_media":47570,"comment_status":"closed","ping_status":"open","sticky":false,"template":"","format":"standard","meta":{"_lmt_disableupdate":"","_lmt_disable":"","_jetpack_memberships_contains_paid_content":false,"footnotes":""},"categories":[109,51],"tags":[168,875],"class_list":["post-47569","post","type-post","status-publish","format-standard","has-post-thumbnail","hentry","category-minuto-a-minuto","category-zona-roja","tag-salina-cruz","tag-san-antonio-de-la-cal"],"jetpack_featured_media_url":"https:\/\/zonaroja.com.mx\/wp-content\/uploads\/2022\/11\/Asesinado-San-Antonio-de-la-Cal.jpg","jetpack_sharing_enabled":true,"_links":{"self":[{"href":"https:\/\/zonaroja.com.mx\/index.php?rest_route=\/wp\/v2\/posts\/47569","targetHints":{"allow":["GET"]}}],"collection":[{"href":"https:\/\/zonaroja.com.mx\/index.php?rest_route=\/wp\/v2\/posts"}],"about":[{"href":"https:\/\/zonaroja.com.mx\/index.php?rest_route=\/wp\/v2\/types\/post"}],"author":[{"embeddable":true,"href":"https:\/\/zonaroja.com.mx\/index.php?rest_route=\/wp\/v2\/users\/2"}],"replies":[{"embeddable":true,"href":"https:\/\/zonaroja.com.mx\/index.php?rest_route=%2Fwp%2Fv2%2Fcomments&post=47569"}],"version-history":[{"count":1,"href":"https:\/\/zonaroja.com.mx\/index.php?rest_route=\/wp\/v2\/posts\/47569\/revisions"}],"predecessor-version":[{"id":47571,"href":"https:\/\/zonaroja.com.mx\/index.php?rest_route=\/wp\/v2\/posts\/47569\/revisions\/47571"}],"wp:featuredmedia":[{"embeddable":true,"href":"https:\/\/zonaroja.com.mx\/index.php?rest_route=\/wp\/v2\/media\/47570"}],"wp:attachment":[{"href":"https:\/\/zonaroja.com.mx\/index.php?rest_route=%2Fwp%2Fv2%2Fmedia&parent=47569"}],"wp:term":[{"taxonomy":"category","embeddable":true,"href":"https:\/\/zonaroja.com.mx\/index.php?rest_route=%2Fwp%2Fv2%2Fcategories&post=47569"},{"taxonomy":"post_tag","embeddable":true,"href":"https:\/\/zonaroja.com.mx\/index.php?rest_route=%2Fwp%2Fv2%2Ftags&post=47569"}],"curies":[{"name":"wp","href":"https:\/\/api.w.org\/{rel}","templated":true}]}}