{"id":47572,"date":"2022-11-03T11:02:00","date_gmt":"2022-11-03T17:02:00","guid":{"rendered":"http:\/\/www.zonaroja.com.mx\/?p=47572"},"modified":"2022-11-03T06:32:00","modified_gmt":"2022-11-03T12:32:00","slug":"encuesta-interna-revela-descontento-de-marinos-en-la-guardia-nacional","status":"publish","type":"post","link":"https:\/\/zonaroja.com.mx\/?p=47572","title":{"rendered":"Encuesta interna revela descontento de marinos en la Guardia Nacional"},"content":{"rendered":"\n<p>Redacci\u00f3n\/Zona Roja Cdmx.<\/p>\n\n\n\n<p>Ciudad de M\u00e9xico, a 3 de noviembre de 2022.- Cuando el alto mando de la Guardia Nacional (GN) pregunt\u00f3 a 40 marinos si quer\u00edan permanecer en dicha corporaci\u00f3n,&nbsp;todos, salvo uno, pidieron salir.&nbsp;<\/p>\n\n\n\n<p>Ocurri\u00f3 en agosto pasado, justo en v\u00edsperas de la discusi\u00f3n en el Congreso sobre la iniciativa para formalizar la asimilaci\u00f3n de dicha fuerza p\u00fablica al mando del militar.<\/p>\n\n\n\n<p>La instituci\u00f3n decidi\u00f3 consultar a los miembros de la Armada que formaron parte de las transferencias iniciales de efectivos para la formaci\u00f3n de la GN, o \u201cpie veterano\u201d de dicha corporaci\u00f3n, si deseaban permanecer en ella. Los resultados no se difundieron.&nbsp;<\/p>\n\n\n\n<p>No obstante, de acuerdo con reportes de dos compa\u00f1\u00edas de Sinaloa que aparecen en los documentos hackeados por el grupo \u201cGuacamaya\u201d a la Secretar\u00eda de la Defensa Nacional (Sedena), 39 de 40 marinos consultados, entre los 98 que cumpl\u00edan la condici\u00f3n de haber formado parte de las transferencias originales y que respondieron la encuesta, pidieron abandonar la corporaci\u00f3n.<\/p>\n\n\n\n<p>Cabe se\u00f1alar que hasta diciembre de 2021, 16 mil 792 marinos&nbsp;hab\u00edan sido transferidos a la GN, el 15.75% de los 113 mil 833 miembros de la corporaci\u00f3n, de acuerdo con su informe anual.<\/p>\n\n\n\n<p>De acuerdo con estimaciones del Centro de Investigaci\u00f3n Econ\u00f3mica y Presupuestaria (CIEP), hasta julio de 2020 eran 9 mil 952 los marinos que hab\u00eda en la GN, y que constitu\u00edan el \u201cpie veterano\u201d aportado por la Armada. &nbsp;<\/p>\n\n\n\n<p>El 27 de agosto, las compa\u00f1\u00edas 464 y 465 del Octavo Batall\u00f3n de la Guardia Nacional reportaron a su superioridad los resultados de la \u00abEncuesta para Personal veterano de SEMAR asignado a la Guardia Nacional\u00bb.<\/p>\n\n\n\n<p>La encuesta fue respondida por 40 de los miembros: 14 guardias, 10 subagentes, 7 agentes, 7 mayores, dos oficiales y un subinspector segundo del batall\u00f3n se\u00f1alado, destacado en El Venadillo, Mazatl\u00e1n, Sinaloa.<\/p>\n\n\n\n<p>De acuerdo con la s\u00e1bana de Excel adjunto al reporte,&nbsp;39 marinos optaron por el \u201cno\u201d ante la pregunta: \u00bfdesea permanecer en la GN?<\/p>\n\n\n\n<p>El reporte refiere un total de \u201c98 elementos veteranos procedentes de Semar\u201d, 40 elementos encuestados\u201d, y 58 restaban por contestar.&nbsp;<\/p>\n\n\n\n<p>En junio de 2019, mediante un Acuerdo para la integraci\u00f3n inicial de la GN, &nbsp;fueron asignados los primeros marinos a ese organismo.&nbsp;<\/p>\n\n\n\n<p>Pero desde la reforma de septiembre pasado, los marinos asignados en esa transferencia inicial tienen la opci\u00f3n de quedarse en la GN, o de solicitar su regreso a la Marina,&nbsp;en un plazo de 60 d\u00edas naturales desde la entrada en vigor de la ley.<\/p>\n\n\n\n<p>En caso de no pedir la reasignaci\u00f3n, \u201cse le cancelar\u00e1 el documento que legalmente acredite el grado jer\u00e1rquico con que cuente y se le expedir\u00e1 uno nuevo con el grado equivalente que corresponda dentro de la Polic\u00eda Militar, cesando de prestar servicios en la Armada para pasar a prestarlos en el Ej\u00e9rcito y Fuerza A\u00e9rea mexicanos\u201d.<\/p>\n\n\n\n<p>En su arranque, la GN contaba con alrededor de 2 mil 800 elementos de la Polic\u00eda Naval, pero no est\u00e1 claro si la posibilidad de optar por el regreso a la Armada aplicar\u00e1 s\u00f3lo a este grupo, o a otros que fueron llegando en 2019, pues al cierre de ese a\u00f1o, ya eran 9 mil 367 los marinos en la GN.&nbsp;<\/p>\n\n\n\n<p>(Informaci\u00f3n de \u201cEme-Equis\u201d)<\/p>\n","protected":false},"excerpt":{"rendered":"<p>Redacci\u00f3n\/Zona Roja Cdmx. Ciudad de M\u00e9xico, a 3 de noviembre de 2022.- Cuando el alto&hellip;<\/p>\n","protected":false},"author":2,"featured_media":47573,"comment_status":"closed","ping_status":"open","sticky":false,"template":"","format":"standard","meta":{"_lmt_disableupdate":"","_lmt_disable":"","_jetpack_memberships_contains_paid_content":false,"footnotes":""},"categories":[109,47],"tags":[3303,3302],"class_list":["post-47572","post","type-post","status-publish","format-standard","has-post-thumbnail","hentry","category-minuto-a-minuto","category-zona-gris","tag-guacamaya-leaks","tag-secretaria-de-marina-semar"],"jetpack_featured_media_url":"https:\/\/zonaroja.com.mx\/wp-content\/uploads\/2022\/11\/Marinos-Secretaria-de-Marina.jpeg","jetpack_sharing_enabled":true,"_links":{"self":[{"href":"https:\/\/zonaroja.com.mx\/index.php?rest_route=\/wp\/v2\/posts\/47572","targetHints":{"allow":["GET"]}}],"collection":[{"href":"https:\/\/zonaroja.com.mx\/index.php?rest_route=\/wp\/v2\/posts"}],"about":[{"href":"https:\/\/zonaroja.com.mx\/index.php?rest_route=\/wp\/v2\/types\/post"}],"author":[{"embeddable":true,"href":"https:\/\/zonaroja.com.mx\/index.php?rest_route=\/wp\/v2\/users\/2"}],"replies":[{"embeddable":true,"href":"https:\/\/zonaroja.com.mx\/index.php?rest_route=%2Fwp%2Fv2%2Fcomments&post=47572"}],"version-history":[{"count":1,"href":"https:\/\/zonaroja.com.mx\/index.php?rest_route=\/wp\/v2\/posts\/47572\/revisions"}],"predecessor-version":[{"id":47574,"href":"https:\/\/zonaroja.com.mx\/index.php?rest_route=\/wp\/v2\/posts\/47572\/revisions\/47574"}],"wp:featuredmedia":[{"embeddable":true,"href":"https:\/\/zonaroja.com.mx\/index.php?rest_route=\/wp\/v2\/media\/47573"}],"wp:attachment":[{"href":"https:\/\/zonaroja.com.mx\/index.php?rest_route=%2Fwp%2Fv2%2Fmedia&parent=47572"}],"wp:term":[{"taxonomy":"category","embeddable":true,"href":"https:\/\/zonaroja.com.mx\/index.php?rest_route=%2Fwp%2Fv2%2Fcategories&post=47572"},{"taxonomy":"post_tag","embeddable":true,"href":"https:\/\/zonaroja.com.mx\/index.php?rest_route=%2Fwp%2Fv2%2Ftags&post=47572"}],"curies":[{"name":"wp","href":"https:\/\/api.w.org\/{rel}","templated":true}]}}