{"id":47579,"date":"2022-11-03T07:36:41","date_gmt":"2022-11-03T13:36:41","guid":{"rendered":"http:\/\/www.zonaroja.com.mx\/?p=47579"},"modified":"2022-11-03T07:36:50","modified_gmt":"2022-11-03T13:36:50","slug":"en-dos-dias-de-noviembre-suman-4-asesinados-en-oaxaca","status":"publish","type":"post","link":"https:\/\/zonaroja.com.mx\/?p=47579","title":{"rendered":"En dos d\u00edas de noviembre, suman 4 asesinados en Oaxaca"},"content":{"rendered":"\n<p>Ismael Garc\u00eda M.\/Zona Roja.<\/p>\n\n\n\n<p>Oaxaca de Ju\u00e1rez, Oax., a 3 de noviembre de 2022.- Un mototaxistas que fue atacado a balazos en Juchit\u00e1n de Zaragoza, muri\u00f3 posteriormente en un hospital, cuando recib\u00eda atenci\u00f3n m\u00e9dica.<\/p>\n\n\n\n<p>Con este suman cuatro personas asesinadas en los dos primeros d\u00edas de noviembre, en las regiones Valles Centrales, Costa e Istmo de Tehuantepec.<\/p>\n\n\n\n<p>La agresi\u00f3n armada al motorista ocurri\u00f3 en la colonia 19 de Mayo de la Octava Secci\u00f3n y la v\u00edctima fue identificada como Jos\u00e9 Aurelio S. M., de 20 a\u00f1os de edad, y quien conduc\u00eda una unidad del sitio Grupo \u201cEdy\u201d.<\/p>\n\n\n\n<p>En tanto, el joven ejecutado anoche en jurisdicci\u00f3n de San Antonio de la Cal fue identificado de manera preliminar como Chay J., de unos 30 a\u00f1os de edad, y quien era integrante del club de motos \u201cOvejas Negras\u201d.<\/p>\n\n\n\n<p>El individuo fue ultimado de un disparo en la cabeza cuando transitaba en el cruce de S\u00edmbolos Patrios con riberas del r\u00edo Salado; el o los atacantes huyeron de inmediato en la zona.<\/p>\n\n\n\n<p>Como se dio a conocer tambi\u00e9n, el conductor de una camioneta fue asesinado mientras transitaba con su unidad en la carretera a cuatro carriles del municipio de Salina Cruz.<\/p>\n\n\n\n<p>La v\u00edctima fue identificada de manera preliminar como \u201cEl Peludo\u201d y era originario de la ciudad y puerto; pese a que el hecho ocurri\u00f3 alrededor de las 10 de la ma\u00f1ana, no hab\u00eda polic\u00edas municipales en la zona para perseguir al o los atacantes.<\/p>\n\n\n\n<p>En tanto que el pasado 1 de noviembre, una persona fue asesinada en la localidad de San Felipe Lachill\u00f3, perteneciente al municipio de Santiago Xanica, en la regi\u00f3n Costa; la v\u00edctima fue identificada de manera preliminar como Esteban V. G.<\/p>\n","protected":false},"excerpt":{"rendered":"<p>Ismael Garc\u00eda M.\/Zona Roja. Oaxaca de Ju\u00e1rez, Oax., a 3 de noviembre de 2022.- Un&hellip;<\/p>\n","protected":false},"author":2,"featured_media":5938,"comment_status":"closed","ping_status":"open","sticky":false,"template":"","format":"standard","meta":{"_lmt_disableupdate":"","_lmt_disable":"","_jetpack_memberships_contains_paid_content":false,"footnotes":""},"categories":[109,51],"tags":[123],"class_list":["post-47579","post","type-post","status-publish","format-standard","has-post-thumbnail","hentry","category-minuto-a-minuto","category-zona-roja","tag-juchitan-de-zaragoza"],"jetpack_featured_media_url":"https:\/\/zonaroja.com.mx\/wp-content\/uploads\/2019\/11\/Escena-del-crimen.jpg","jetpack_sharing_enabled":true,"_links":{"self":[{"href":"https:\/\/zonaroja.com.mx\/index.php?rest_route=\/wp\/v2\/posts\/47579","targetHints":{"allow":["GET"]}}],"collection":[{"href":"https:\/\/zonaroja.com.mx\/index.php?rest_route=\/wp\/v2\/posts"}],"about":[{"href":"https:\/\/zonaroja.com.mx\/index.php?rest_route=\/wp\/v2\/types\/post"}],"author":[{"embeddable":true,"href":"https:\/\/zonaroja.com.mx\/index.php?rest_route=\/wp\/v2\/users\/2"}],"replies":[{"embeddable":true,"href":"https:\/\/zonaroja.com.mx\/index.php?rest_route=%2Fwp%2Fv2%2Fcomments&post=47579"}],"version-history":[{"count":1,"href":"https:\/\/zonaroja.com.mx\/index.php?rest_route=\/wp\/v2\/posts\/47579\/revisions"}],"predecessor-version":[{"id":47580,"href":"https:\/\/zonaroja.com.mx\/index.php?rest_route=\/wp\/v2\/posts\/47579\/revisions\/47580"}],"wp:featuredmedia":[{"embeddable":true,"href":"https:\/\/zonaroja.com.mx\/index.php?rest_route=\/wp\/v2\/media\/5938"}],"wp:attachment":[{"href":"https:\/\/zonaroja.com.mx\/index.php?rest_route=%2Fwp%2Fv2%2Fmedia&parent=47579"}],"wp:term":[{"taxonomy":"category","embeddable":true,"href":"https:\/\/zonaroja.com.mx\/index.php?rest_route=%2Fwp%2Fv2%2Fcategories&post=47579"},{"taxonomy":"post_tag","embeddable":true,"href":"https:\/\/zonaroja.com.mx\/index.php?rest_route=%2Fwp%2Fv2%2Ftags&post=47579"}],"curies":[{"name":"wp","href":"https:\/\/api.w.org\/{rel}","templated":true}]}}