{"id":47581,"date":"2022-11-03T07:56:58","date_gmt":"2022-11-03T13:56:58","guid":{"rendered":"http:\/\/www.zonaroja.com.mx\/?p=47581"},"modified":"2022-11-03T07:56:59","modified_gmt":"2022-11-03T13:56:59","slug":"sin-descanso-familiares-de-desaparecidos-alzan-la-voz-para-localizarlos","status":"publish","type":"post","link":"https:\/\/zonaroja.com.mx\/?p=47581","title":{"rendered":"Sin descanso, familiares de desaparecidos alzan la voz para localizarlos"},"content":{"rendered":"\n<p>Yuridiana Sosa\/ Zona Roja.<\/p>\n\n\n\n<p>Oaxaca de Ju\u00e1rez, Oax., 3 de noviembre de 2022.- Mientras miles de oaxaque\u00f1os participaron del encuentro espiritual y emocional con sus seres queridos por el \u201cD\u00eda de Muertos\u201d, otras familias siguen en la incertidumbre y b\u00fasqueda para localizar a su familiar desparecido.<\/p>\n\n\n\n<p>Siete colectivos de b\u00fasqueda de personas desaparecidas en Oaxaca realizaron actividades en la capital del estado para visibilizar sus casos.<\/p>\n\n\n\n<p>Los afectados denuncian y exhiben que as\u00ed como no est\u00e1n completos en sus hogares, tambi\u00e9n est\u00e1n incompletos de atenci\u00f3n gubernamental por la falta de acciones de las autoridades para encontrar a sus seres queridos.<\/p>\n\n\n\n<p>Lonas con fotograf\u00edas impresas de las y los desaparecidos y un tendedero de listones con cada uno de los nombres de los no localizados, las madres, padres, parejas e hijos se manifestaron de manera pac\u00edfica en la Alameda de Le\u00f3n.<\/p>\n\n\n\n<p>Los colectivos exigieron la instalaci\u00f3n de la nueva Fiscal\u00eda Especializada para la atenci\u00f3n de esos casos, as\u00ed como la integraci\u00f3n de un consejo estatal ciudadano, entre otras acciones que a falta de cumplimiento del gobierno saliente de Alejandro Murat deber\u00e1 implementarlas la administraci\u00f3n entrante de Salom\u00f3n Jara.<\/p>\n\n\n\n<p>En Oaxaca se contabiliza un aproximado de cinco mil personas desparecidas, apuntaron.<\/p>\n\n\n\n<p>Los familiares de los desaparecidos pidieron a la ciudadan\u00eda comprensi\u00f3n y ayuda para encontrar a sus seres queridos, la cual puede ofrecerse desde compartir en redes sociales las fichas de b\u00fasqueda como llamarlos de manera an\u00f3nima para ofrecer alg\u00fan dato \u00fatil para la localizaci\u00f3n.<\/p>\n\n\n\n<p>\u201cQue se agilice lo que se tiene que hacer, la instalaci\u00f3n de la Fiscal\u00eda Especializada, la Comisi\u00f3n de Atenci\u00f3n a V\u00edctimas, el Consejo Estatal Ciudadano\u201d, expusieron, al detallar que tan s\u00f3lo en Oaxaca suman alrededor de cinco mil personas desaparecidas.<\/p>\n\n\n\n<p>\u201cEl pretexto es que no tienen recursos pero creo yo que con la nueva administraci\u00f3n tienen el compromiso, ya nos entrevistamos con el gobernador electo y tiene el compromiso\u201d, dijeron. En las actividades de los d\u00edas festivos participaron, entre otros. \u201cSabuesos\u201d, \u201cOaxaque\u00f1os Unidos\u201d, \u201cBusco al m\u00edo\u201d, \u201cBuscando a los nuestros\u201d.<\/p>\n","protected":false},"excerpt":{"rendered":"<p>Yuridiana Sosa\/ Zona Roja. Oaxaca de Ju\u00e1rez, Oax., 3 de noviembre de 2022.- Mientras miles&hellip;<\/p>\n","protected":false},"author":2,"featured_media":47582,"comment_status":"closed","ping_status":"open","sticky":false,"template":"","format":"standard","meta":{"_lmt_disableupdate":"","_lmt_disable":"","_jetpack_memberships_contains_paid_content":false,"footnotes":""},"categories":[109,47],"tags":[425],"class_list":["post-47581","post","type-post","status-publish","format-standard","has-post-thumbnail","hentry","category-minuto-a-minuto","category-zona-gris","tag-protestan-familiares-de-desaparecidos-en-oaxaca"],"jetpack_featured_media_url":"https:\/\/zonaroja.com.mx\/wp-content\/uploads\/2022\/11\/Busqueda-de-desaparecidos-Oaxaca.jpg","jetpack_sharing_enabled":true,"_links":{"self":[{"href":"https:\/\/zonaroja.com.mx\/index.php?rest_route=\/wp\/v2\/posts\/47581","targetHints":{"allow":["GET"]}}],"collection":[{"href":"https:\/\/zonaroja.com.mx\/index.php?rest_route=\/wp\/v2\/posts"}],"about":[{"href":"https:\/\/zonaroja.com.mx\/index.php?rest_route=\/wp\/v2\/types\/post"}],"author":[{"embeddable":true,"href":"https:\/\/zonaroja.com.mx\/index.php?rest_route=\/wp\/v2\/users\/2"}],"replies":[{"embeddable":true,"href":"https:\/\/zonaroja.com.mx\/index.php?rest_route=%2Fwp%2Fv2%2Fcomments&post=47581"}],"version-history":[{"count":1,"href":"https:\/\/zonaroja.com.mx\/index.php?rest_route=\/wp\/v2\/posts\/47581\/revisions"}],"predecessor-version":[{"id":47583,"href":"https:\/\/zonaroja.com.mx\/index.php?rest_route=\/wp\/v2\/posts\/47581\/revisions\/47583"}],"wp:featuredmedia":[{"embeddable":true,"href":"https:\/\/zonaroja.com.mx\/index.php?rest_route=\/wp\/v2\/media\/47582"}],"wp:attachment":[{"href":"https:\/\/zonaroja.com.mx\/index.php?rest_route=%2Fwp%2Fv2%2Fmedia&parent=47581"}],"wp:term":[{"taxonomy":"category","embeddable":true,"href":"https:\/\/zonaroja.com.mx\/index.php?rest_route=%2Fwp%2Fv2%2Fcategories&post=47581"},{"taxonomy":"post_tag","embeddable":true,"href":"https:\/\/zonaroja.com.mx\/index.php?rest_route=%2Fwp%2Fv2%2Ftags&post=47581"}],"curies":[{"name":"wp","href":"https:\/\/api.w.org\/{rel}","templated":true}]}}