{"id":47589,"date":"2022-11-03T08:30:42","date_gmt":"2022-11-03T14:30:42","guid":{"rendered":"http:\/\/www.zonaroja.com.mx\/?p=47589"},"modified":"2022-11-03T08:30:43","modified_gmt":"2022-11-03T14:30:43","slug":"hackean-tambien-a-la-secretaria-de-comunicaciones-y-transportes","status":"publish","type":"post","link":"https:\/\/zonaroja.com.mx\/?p=47589","title":{"rendered":"Hackean tambi\u00e9n a la Secretar\u00eda de Comunicaciones y Transportes"},"content":{"rendered":"\n<p>Redacci\u00f3n\/Zona Roja Cdmx.<\/p>\n\n\n\n<p>Ciudad de M\u00e9xico, a 3 de noviembre de 2022.- La SICT se convirti\u00f3 en la m\u00e1s reciente v\u00edctima de un hackeo dentro del gobierno del presidente mexicano Andr\u00e9s Manuel L\u00f3pez Obrador.&nbsp;<\/p>\n\n\n\n<p>La secretar\u00eda del gobierno federal encargada de las carreteras y las redes de telecomunicaciones en M\u00e9xico se uni\u00f3 a una larga lista de dependencias de la administraci\u00f3n p\u00fablica que han sido v\u00edctimas de ciberataques.<\/p>\n\n\n\n<p>La Secretar\u00eda de Infraestructura, Comunicaciones y Transportes (SICT) anunci\u00f3 este 1 de noviembre la suspensi\u00f3n de plazos y t\u00e9rminos de diversos tr\u00e1mites y licencias tanto de la propia secretar\u00eda como de la Agencia Federal de Aviaci\u00f3n Civil entre el 24 de octubre y el 31 de diciembre de 2022, \u201cpara salvaguardar los sistemas e informaci\u00f3n ante el incidente cibern\u00e9tico en equipos de c\u00f3mputo al servicio de esta dependencia\u201d.<\/p>\n\n\n\n<p>RANSOMWERE<\/p>\n\n\n\n<p>El pasado 24 de octubre, la SICT difundi\u00f3 a trav\u00e9s de su cuenta de Twitter que hab\u00eda \u201cactivado el Protocolo Nacional Homologado de Gesti\u00f3n de Incidentes Cibern\u00e9ticos y Plan de Contingencia, en apego a la normatividad, a fin de contener posibles vulnerabilidades a la informaci\u00f3n y datos derivado de accesos il\u00edcitos a equipos inform\u00e1ticos de la SICT\u201d.<\/p>\n\n\n\n<p>\u201cLas investigaciones se encuentran en curso y de acuerdo con el resultado se denunciar\u00e1 y dar\u00e1 vista a las autoridades correspondientes\u201d, remata la dependencia su mensaje en redes sociales.<\/p>\n\n\n\n<p>El 27 de octubre, la secretar\u00eda difundi\u00f3 en su cuenta de Twitter un mensaje en el que afirmaba que \u201cel encargado del despacho de la #SICT instruy\u00f3 al \u00e1rea de tecnolog\u00edas de la informaci\u00f3n que, en el marco de la normativa aplicable, lleve a cabo las acciones necesarias para salvaguardar los sistemas de tr\u00e1mites y restablecerlos de manera segura a la brevedad posible\u201d.<\/p>\n\n\n\n<p>Para Hiram Camarillo, especialista en ciberseguridad de Seekurity, la informaci\u00f3n provista por la oficina federal da a entender que el incidente se trat\u00f3 de un ataque de ransomware, es decir, un ataque que busca secuestrar la informaci\u00f3n y los equipos de las potenciales v\u00edctimas, con el fin de exigir un rescate econ\u00f3mico a cambio de liberar los dispositivos o de no divulgar la informaci\u00f3n robada.<\/p>\n\n\n\n<p>De acuerdo con Camarillo, un integrante del equipo de tecnolog\u00eda de la SICT le asegur\u00f3 que \u201cmuchos equipos hab\u00edan sido comprometidos\u201d y que el ciberataque estaba siendo investigado.<\/p>\n\n\n\n<p>\u00bfQU\u00c9 ES LA SICT?<\/p>\n\n\n\n<p>La SICT es una de las 19 secretar\u00edas y una consejer\u00eda con las que el Poder Ejecutivo de la Uni\u00f3n cuenta para el \u201cdespacho de los asuntos del orden administrativo\u201d, de acuerdo con la Ley Org\u00e1nica de la Administraci\u00f3n P\u00fablica Federal.<\/p>\n\n\n\n<p>La misi\u00f3n de la SICT es \u201cpromover sistemas de transporte y comunicaciones seguros, eficientes y competitivos, mediante el fortalecimiento del marco jur\u00eddico, la definici\u00f3n de pol\u00edticas p\u00fablicas y el dise\u00f1o de estrategias que contribuyan al crecimiento sostenido de la econom\u00eda y el desarrollo social equilibrado del pa\u00eds\u201d.<\/p>\n\n\n\n<p>(Informaci\u00f3n de \u201cEl Economista\u201d)<\/p>\n","protected":false},"excerpt":{"rendered":"<p>Redacci\u00f3n\/Zona Roja Cdmx. Ciudad de M\u00e9xico, a 3 de noviembre de 2022.- La SICT se&hellip;<\/p>\n","protected":false},"author":2,"featured_media":47590,"comment_status":"closed","ping_status":"open","sticky":false,"template":"","format":"standard","meta":{"_lmt_disableupdate":"","_lmt_disable":"","_jetpack_memberships_contains_paid_content":false,"footnotes":""},"categories":[109,47],"tags":[997],"class_list":["post-47589","post","type-post","status-publish","format-standard","has-post-thumbnail","hentry","category-minuto-a-minuto","category-zona-gris","tag-secretaria-de-comunicaciones-y-transportes-sct"],"jetpack_featured_media_url":"https:\/\/zonaroja.com.mx\/wp-content\/uploads\/2022\/11\/SCT.jpg","jetpack_sharing_enabled":true,"_links":{"self":[{"href":"https:\/\/zonaroja.com.mx\/index.php?rest_route=\/wp\/v2\/posts\/47589","targetHints":{"allow":["GET"]}}],"collection":[{"href":"https:\/\/zonaroja.com.mx\/index.php?rest_route=\/wp\/v2\/posts"}],"about":[{"href":"https:\/\/zonaroja.com.mx\/index.php?rest_route=\/wp\/v2\/types\/post"}],"author":[{"embeddable":true,"href":"https:\/\/zonaroja.com.mx\/index.php?rest_route=\/wp\/v2\/users\/2"}],"replies":[{"embeddable":true,"href":"https:\/\/zonaroja.com.mx\/index.php?rest_route=%2Fwp%2Fv2%2Fcomments&post=47589"}],"version-history":[{"count":1,"href":"https:\/\/zonaroja.com.mx\/index.php?rest_route=\/wp\/v2\/posts\/47589\/revisions"}],"predecessor-version":[{"id":47591,"href":"https:\/\/zonaroja.com.mx\/index.php?rest_route=\/wp\/v2\/posts\/47589\/revisions\/47591"}],"wp:featuredmedia":[{"embeddable":true,"href":"https:\/\/zonaroja.com.mx\/index.php?rest_route=\/wp\/v2\/media\/47590"}],"wp:attachment":[{"href":"https:\/\/zonaroja.com.mx\/index.php?rest_route=%2Fwp%2Fv2%2Fmedia&parent=47589"}],"wp:term":[{"taxonomy":"category","embeddable":true,"href":"https:\/\/zonaroja.com.mx\/index.php?rest_route=%2Fwp%2Fv2%2Fcategories&post=47589"},{"taxonomy":"post_tag","embeddable":true,"href":"https:\/\/zonaroja.com.mx\/index.php?rest_route=%2Fwp%2Fv2%2Ftags&post=47589"}],"curies":[{"name":"wp","href":"https:\/\/api.w.org\/{rel}","templated":true}]}}